{"id":33034,"date":"2024-04-26T19:08:47","date_gmt":"2024-04-27T00:08:47","guid":{"rendered":"https:\/\/solidaridadnews.com\/?p=33034"},"modified":"2024-04-27T00:08:48","modified_gmt":"2024-04-27T00:08:48","slug":"eduardo-capetillo-llora-al-pedirle-perdon-a-su-hijo-por-haberse-alejado-debido-a-las-adicciones","status":"publish","type":"post","link":"https:\/\/solidaridadnews.com\/?p=33034","title":{"rendered":"Eduardo Capetillo llora al pedirle perd\u00f3n a su hijo por haberse alejado debido a las adicciones"},"content":{"rendered":"<p>Eduardo Capetillo tuvo un momento bastante emotivo con su hijo luego de haber abordado un tema delicado en su vida, pues fue cuando aparecieron las adicciones, por lo cual decidi\u00f3 pedirle perd\u00f3n de forma p\u00fablica.<\/p>\n<p>Cabe recordar que en diciembre pasado, el cantante revel\u00f3 que lleva 16 a\u00f1os sin beber alcohol, pero eventualmente se volvi\u00f3 adicto a las benzodiacepinas, con las cuales tuvo una consecuencia adicional en su cuerpo, que fue el aumento de peso debido a que consum\u00eda az\u00facar y comida en exceso.<\/p>\n<p>\u00bfQu\u00e9 le dijo Eduardo Capetillo a su hijo?<br \/>\nFue en el programa \u00abJuego de Voces\u00bb donde Eduardo Capetillo se sent\u00f3 frente a su hijo y se abri\u00f3 sobre este tema, el cual \u00e9l mismo revel\u00f3 que le causa verg\u00fcenza, pero ha logrado superar con mucha fuerza de voluntad y apoyo de su c\u00edrculo cercano.<\/p>\n<p>Quiero pedirte perd\u00f3n por tantas ausencias. Yo creo que no hay nada peor que estar sin estar. Las adicciones a m\u00ed me rebasaron en su momento, las sustancias lo que hac\u00edan es que me ayudaban a no sentir y pues derivado de eso, es que estaba ausente y el tiempo no lo puedo recuperar\u00bb<\/p>\n<p>Aunque el cantante no precis\u00f3 qu\u00e9 adicciones, su hijo, Eduardo Capetillo Jr. se mostr\u00f3 comprensivo y su respuesta fue con mucha empat\u00eda, pues esta disculpa llev\u00f3 a ambos hasta las l\u00e1grimas.<\/p>\n<p>Eres muy duro contigo mismo, yo creo que no estar\u00eda cercano a d\u00f3nde estoy hoy en d\u00eda, siendo quien soy hoy en d\u00eda si no fuera por ti\u00bb<\/p>\n<p>El emotivo momento lo cerraron con un abrazo y del exTimbiriche record\u00e1ndole a su hijo cu\u00e1nto lo ama, \u00e9l le correspondi\u00f3 y con una sonrisa en el rostro, termin\u00f3 uno de los segmentos m\u00e1s conmovedores<\/p>\n","protected":false},"excerpt":{"rendered":"<p>Eduardo Capetillo tuvo un momento bastante emotivo con su hijo luego de haber abordado un tema delicado en su vida, pues fue cuando aparecieron las adicciones, por lo cual decidi\u00f3 pedirle perd\u00f3n de forma p\u00fablica. Cabe recordar que en diciembre pasado, el cantante revel\u00f3 que lleva 16 a\u00f1os sin beber alcohol, pero eventualmente se volvi\u00f3 [&hellip;]<\/p>\n","protected":false},"author":1,"featured_media":33036,"comment_status":"open","ping_status":"closed","sticky":false,"template":"","format":"standard","meta":{"footnotes":""},"categories":[3],"tags":[],"class_list":["post-33034","post","type-post","status-publish","format-standard","has-post-thumbnail","hentry","category-espectaculos"],"_links":{"self":[{"href":"https:\/\/solidaridadnews.com\/index.php?rest_route=\/wp\/v2\/posts\/33034","targetHints":{"allow":["GET"]}}],"collection":[{"href":"https:\/\/solidaridadnews.com\/index.php?rest_route=\/wp\/v2\/posts"}],"about":[{"href":"https:\/\/solidaridadnews.com\/index.php?rest_route=\/wp\/v2\/types\/post"}],"author":[{"embeddable":true,"href":"https:\/\/solidaridadnews.com\/index.php?rest_route=\/wp\/v2\/users\/1"}],"replies":[{"embeddable":true,"href":"https:\/\/solidaridadnews.com\/index.php?rest_route=%2Fwp%2Fv2%2Fcomments&post=33034"}],"version-history":[{"count":1,"href":"https:\/\/solidaridadnews.com\/index.php?rest_route=\/wp\/v2\/posts\/33034\/revisions"}],"predecessor-version":[{"id":33035,"href":"https:\/\/solidaridadnews.com\/index.php?rest_route=\/wp\/v2\/posts\/33034\/revisions\/33035"}],"wp:featuredmedia":[{"embeddable":true,"href":"https:\/\/solidaridadnews.com\/index.php?rest_route=\/wp\/v2\/media\/33036"}],"wp:attachment":[{"href":"https:\/\/solidaridadnews.com\/index.php?rest_route=%2Fwp%2Fv2%2Fmedia&parent=33034"}],"wp:term":[{"taxonomy":"category","embeddable":true,"href":"https:\/\/solidaridadnews.com\/index.php?rest_route=%2Fwp%2Fv2%2Fcategories&post=33034"},{"taxonomy":"post_tag","embeddable":true,"href":"https:\/\/solidaridadnews.com\/index.php?rest_route=%2Fwp%2Fv2%2Ftags&post=33034"}],"curies":[{"name":"wp","href":"https:\/\/api.w.org\/{rel}","templated":true}]}}