{"id":33028,"date":"2024-04-26T18:20:37","date_gmt":"2024-04-26T23:20:37","guid":{"rendered":"https:\/\/solidaridadnews.com\/?p=33028"},"modified":"2024-04-26T23:20:39","modified_gmt":"2024-04-26T23:20:39","slug":"yolanda-andrade-lleva-dias-postrada-y-preocupa-a-seguidores","status":"publish","type":"post","link":"https:\/\/solidaridadnews.com\/?p=33028","title":{"rendered":"Yolanda Andrade lleva d\u00edas postrada y preocupa a seguidores"},"content":{"rendered":"<p>Hace una semana Yolanda Andrade asegur\u00f3 ante medios de comunicaci\u00f3n que hab\u00eda sufrido una reca\u00edda en su estado de salud debido al aneurisma que padece y del que no se ha recuperado por completo, y expres\u00f3 que se sent\u00eda muy cansada provocando una gran preocupaci\u00f3n entre sus seguidores.<\/p>\n<p>Incluso, su amiga cercana, Monserrat Olivier expres\u00f3 que la conductora no hab\u00eda presentado mejor\u00eda y que a pesar de los tratamientos su estado de salud no mejoraba, por lo que no dudo en suponer que Andrade estar\u00eda siendo v\u00edctima de un ritual de brujer\u00eda que le estar\u00eda impidiendo recuperarse.<\/p>\n<p>Sin embargo, en medio de los problemas de salud que la aquejan, hoy de nueva cuenta se dio a conocer que la salud de Yolanda se sigue deteriorando, tanto as\u00ed que permanece postrada desde hace unos d\u00edas debido al malestar que presenta.<\/p>\n<p>Yolanda Andrade lleva d\u00edas postrada<br \/>\nLa preocupaci\u00f3n por el estado de salud de Yolanda aument\u00f3 luego de que su amiga In\u00e9s Moreno revelara en su canal de YouTube que la conductora lleva varios d\u00edas postrada y que se encuentra delicada de salud, lo que le ha impedido regresar a trabajar.<\/p>\n<p>\u201cYolanda no ha estado sinti\u00e9ndose bien, tuvo una reca\u00edda despu\u00e9s de grabar el programa, en esto que tiene del ojo, el aneurisma, pero ten\u00eda muy mal su ojito y lleva varios d\u00edas as\u00ed, postrada, sinti\u00e9ndose mal y obviamente toda la gente que la quiere, le manda buena vibra y todo\u201d, coment\u00f3.<\/p>\n<p>Por su parte, Monserrat Oliver volvi\u00f3 a referirse al padecimiento de su amiga como causa de un trabajo de brujer\u00eda, ya que consider\u00f3 que, a pesar de los tratamientos m\u00e9dicos que ha recibido su salud no ha mejorado, e incluso se ha deteriorado mucho, por lo que no encuentra otra<\/p>\n<p>\u201cY yo s\u00e9 que, as\u00ed como existe el bien, existe el mal, y yo siento que el karma de verdad se regresa, que esas personas que hacen esto, h\u00edjole, es muy feo, no puede ser, pero s\u00ed, no s\u00e9, si nos lo hemos llegado a pensar, obviamente que lo hemos pensado, pero, pues para saber, hay que buscarle por todos lados\u201d, expres\u00f3.<\/p>\n<p>&nbsp;<\/p>\n","protected":false},"excerpt":{"rendered":"<p>Hace una semana Yolanda Andrade asegur\u00f3 ante medios de comunicaci\u00f3n que hab\u00eda sufrido una reca\u00edda en su estado de salud debido al aneurisma que padece y del que no se ha recuperado por completo, y expres\u00f3 que se sent\u00eda muy cansada provocando una gran preocupaci\u00f3n entre sus seguidores. Incluso, su amiga cercana, Monserrat Olivier expres\u00f3 [&hellip;]<\/p>\n","protected":false},"author":1,"featured_media":33030,"comment_status":"open","ping_status":"closed","sticky":false,"template":"","format":"standard","meta":{"footnotes":""},"categories":[3],"tags":[],"class_list":["post-33028","post","type-post","status-publish","format-standard","has-post-thumbnail","hentry","category-espectaculos"],"_links":{"self":[{"href":"https:\/\/solidaridadnews.com\/index.php?rest_route=\/wp\/v2\/posts\/33028","targetHints":{"allow":["GET"]}}],"collection":[{"href":"https:\/\/solidaridadnews.com\/index.php?rest_route=\/wp\/v2\/posts"}],"about":[{"href":"https:\/\/solidaridadnews.com\/index.php?rest_route=\/wp\/v2\/types\/post"}],"author":[{"embeddable":true,"href":"https:\/\/solidaridadnews.com\/index.php?rest_route=\/wp\/v2\/users\/1"}],"replies":[{"embeddable":true,"href":"https:\/\/solidaridadnews.com\/index.php?rest_route=%2Fwp%2Fv2%2Fcomments&post=33028"}],"version-history":[{"count":1,"href":"https:\/\/solidaridadnews.com\/index.php?rest_route=\/wp\/v2\/posts\/33028\/revisions"}],"predecessor-version":[{"id":33029,"href":"https:\/\/solidaridadnews.com\/index.php?rest_route=\/wp\/v2\/posts\/33028\/revisions\/33029"}],"wp:featuredmedia":[{"embeddable":true,"href":"https:\/\/solidaridadnews.com\/index.php?rest_route=\/wp\/v2\/media\/33030"}],"wp:attachment":[{"href":"https:\/\/solidaridadnews.com\/index.php?rest_route=%2Fwp%2Fv2%2Fmedia&parent=33028"}],"wp:term":[{"taxonomy":"category","embeddable":true,"href":"https:\/\/solidaridadnews.com\/index.php?rest_route=%2Fwp%2Fv2%2Fcategories&post=33028"},{"taxonomy":"post_tag","embeddable":true,"href":"https:\/\/solidaridadnews.com\/index.php?rest_route=%2Fwp%2Fv2%2Ftags&post=33028"}],"curies":[{"name":"wp","href":"https:\/\/api.w.org\/{rel}","templated":true}]}}