{"id":33001,"date":"2024-04-24T10:23:50","date_gmt":"2024-04-24T15:23:50","guid":{"rendered":"https:\/\/solidaridadnews.com\/?p=33001"},"modified":"2024-04-24T15:23:51","modified_gmt":"2024-04-24T15:23:51","slug":"papa-francisco-pide-que-palestina-e-israel-sean-dos-estados-libres-y-con-buenas-relaciones","status":"publish","type":"post","link":"https:\/\/solidaridadnews.com\/?p=33001","title":{"rendered":"Papa Francisco pide que Palestina e Israel sean dos Estados \u201clibres\u201d y \u201ccon buenas relaciones\u201d"},"content":{"rendered":"<p>El papa Francisco pidi\u00f3 hoy rezos para que Palestina e Israel sean dos Estados \u201clibres\u201d y \u201ccon buenas relaciones\u201d entre ellos, al final de la audiencia general de este mi\u00e9rcoles que celebr\u00f3 en la plaza de san Pedro.<\/p>\n<p>El pont\u00edfice argentino reiter\u00f3 este mi\u00e9rcoles sus llamados para que se consiga la paz \u201centre Palestina e Israel\u201d y tambi\u00e9n record\u00f3 a \u201cla martirizada Ucrania\u201d y \u201ctodos los soldados j\u00f3venes que est\u00e1n muriendo\u201d, Birmania (Myanmar) y las otras guerras en el mundo.<\/p>\n<p>La guerra es siempre una derrota y quien gana son los fabricantes de armas\u201d, afirm\u00f3 el papa<\/p>\n<p>Y a\u00f1adi\u00f3 el papa Francisco: \u201cRecemos por Oriente Medio, por Gaza, donde se sufre tanto, y por la paz entre Palestina e Israel, que sean dos Estados libres con buenas relaciones\u201d.<\/p>\n<p>El Vaticano siempre ha abogado por la soluci\u00f3n de los dos estados para Palestina e Israel y con un estatuto especial para la ciudad de Jerusal\u00e9n.<\/p>\n<p>As\u00ed lo reiter\u00f3 el observador permanente de la Santa Sede ante las Naciones Unidas en Nueva York, Gabriele Caccia, en su intervenci\u00f3n del 24 de enero sobre la situaci\u00f3n en Oriente Medio y sobre la cuesti\u00f3n palestina, y consider\u00f3 que \u201ces fundamental que la comunidad internacional, junto con los l\u00edderes del Estado de Palestina y del Estado de Israel, busquen esta soluci\u00f3n con renovada determinaci\u00f3n en un momento de desesperaci\u00f3n y hostilidad generalizadas\u201d.<\/p>\n","protected":false},"excerpt":{"rendered":"<p>El papa Francisco pidi\u00f3 hoy rezos para que Palestina e Israel sean dos Estados \u201clibres\u201d y \u201ccon buenas relaciones\u201d entre ellos, al final de la audiencia general de este mi\u00e9rcoles que celebr\u00f3 en la plaza de san Pedro. El pont\u00edfice argentino reiter\u00f3 este mi\u00e9rcoles sus llamados para que se consiga la paz \u201centre Palestina e [&hellip;]<\/p>\n","protected":false},"author":1,"featured_media":33003,"comment_status":"open","ping_status":"closed","sticky":false,"template":"","format":"standard","meta":{"footnotes":""},"categories":[9],"tags":[],"class_list":["post-33001","post","type-post","status-publish","format-standard","has-post-thumbnail","hentry","category-internacional"],"_links":{"self":[{"href":"https:\/\/solidaridadnews.com\/index.php?rest_route=\/wp\/v2\/posts\/33001","targetHints":{"allow":["GET"]}}],"collection":[{"href":"https:\/\/solidaridadnews.com\/index.php?rest_route=\/wp\/v2\/posts"}],"about":[{"href":"https:\/\/solidaridadnews.com\/index.php?rest_route=\/wp\/v2\/types\/post"}],"author":[{"embeddable":true,"href":"https:\/\/solidaridadnews.com\/index.php?rest_route=\/wp\/v2\/users\/1"}],"replies":[{"embeddable":true,"href":"https:\/\/solidaridadnews.com\/index.php?rest_route=%2Fwp%2Fv2%2Fcomments&post=33001"}],"version-history":[{"count":1,"href":"https:\/\/solidaridadnews.com\/index.php?rest_route=\/wp\/v2\/posts\/33001\/revisions"}],"predecessor-version":[{"id":33002,"href":"https:\/\/solidaridadnews.com\/index.php?rest_route=\/wp\/v2\/posts\/33001\/revisions\/33002"}],"wp:featuredmedia":[{"embeddable":true,"href":"https:\/\/solidaridadnews.com\/index.php?rest_route=\/wp\/v2\/media\/33003"}],"wp:attachment":[{"href":"https:\/\/solidaridadnews.com\/index.php?rest_route=%2Fwp%2Fv2%2Fmedia&parent=33001"}],"wp:term":[{"taxonomy":"category","embeddable":true,"href":"https:\/\/solidaridadnews.com\/index.php?rest_route=%2Fwp%2Fv2%2Fcategories&post=33001"},{"taxonomy":"post_tag","embeddable":true,"href":"https:\/\/solidaridadnews.com\/index.php?rest_route=%2Fwp%2Fv2%2Ftags&post=33001"}],"curies":[{"name":"wp","href":"https:\/\/api.w.org\/{rel}","templated":true}]}}