{"id":32998,"date":"2024-04-24T09:58:56","date_gmt":"2024-04-24T14:58:56","guid":{"rendered":"https:\/\/solidaridadnews.com\/?p=32998"},"modified":"2024-04-24T14:58:57","modified_gmt":"2024-04-24T14:58:57","slug":"siemens-y-queretaro-apuestan-por-crear-una-cadena-de-suministro-sostenible","status":"publish","type":"post","link":"https:\/\/solidaridadnews.com\/?p=32998","title":{"rendered":"Siemens y Quer\u00e9taro apuestan por crear una cadena de suministro sostenible"},"content":{"rendered":"<p>Quer\u00e9taro, Qro. Durante la feria industrial Hannover Messe 2024, en Alemania, la iniciativa privada y el gobierno local firmaron un acuerdo para desarrollar una cadena de suministro sostenible.<\/p>\n<p>En el proyecto participan Siemens M\u00e9xico, Centroam\u00e9rica y el Caribe, la organizaci\u00f3n internacional Estainium Association, Grupo Ecol\u00f3gico Sierra Gorda (GESG), OpenForests, Callirius AG y el gobierno estatal de Quer\u00e9taro; son las instancias que firmaron el documento, el cual establece las bases del plan de acci\u00f3n de la alianza que se pact\u00f3 en la Conferencia de las Naciones Unidas sobre Cambio Clim\u00e1tico (COP28) del 2023.<\/p>\n<p>El prop\u00f3sito de este proyecto se centra en establecer un plan de acci\u00f3n integral que permita reducir las emisiones de gases de efecto invernadero (GEI) en la cadena de valor de las empresas e industrias que producen en Quer\u00e9taro, de acuerdo con informaci\u00f3n de Siemens.<\/p>\n<p>Con base en el documento, la firma expone que ante la crisis clim\u00e1tica se requiere de manera urgente un marco global para una distribuci\u00f3n segura, transparente y orientada a minimizar el impacto en el medio ambiente.<\/p>\n<p>En ese sentido se prev\u00e9 crear un Producto M\u00ednimo Viable (MVP) que sirva como un ejemplo para otros pa\u00edses y regiones del mundo.<\/p>\n<p>Para el presidente y CEO de Siemens M\u00e9xico, Centroam\u00e9rica y el Caribe, Alejandro Preinfalk, este proyecto abona a los objetivos de sustentabilidad de M\u00e9xico; adem\u00e1s de unir esfuerzos para acelerar la descarbonizaci\u00f3n de la cadena de suministros a trav\u00e9s de la plataforma Sigreen.<\/p>\n<p>\u201cUna soluci\u00f3n que permite un seguimiento preciso de la huella de carbono basado en los est\u00e1ndares y normas m\u00e1s comunes de las industrias, mejorando la transparencia de la cadena de suministro y permitiendo a las empresas compartir datos sobre sus emisiones, facilitando la evaluaci\u00f3n e implementaci\u00f3n de medidas que pueden ser, entre otras, la adopci\u00f3n de energ\u00edas renovables, la utilizaci\u00f3n eficiente de recursos y la optimizaci\u00f3n del transporte\u201d, explic\u00f3.<\/p>\n<p>De acuerdo con la compa\u00f1\u00eda, prev\u00e9n implementar el ecosistema MVP a finales de agosto del a\u00f1o en curso, para presentar la iniciativa a nivel global durante la semana del clima de Nueva York que se efectuar\u00e1 en septiembre.<\/p>\n<p>Respecto a la participaci\u00f3n que tendr\u00e1 cada actor en el proyecto: Siemens implementar\u00e1 la herramienta de an\u00e1lisis Sigreen para rastrear e integrar datos de emisiones con el registro de emisiones de Quer\u00e9taro, precis\u00f3 la empresa.<\/p>\n<p>El gobierno estatal integrar\u00e1 los registros de emisiones y los de compensaci\u00f3n, para generar un sistema interconectado; Callirius mejorar\u00e1 el proceso de compensaci\u00f3n.<\/p>\n<p>OpenForests desarrollar\u00e1 y supervisar\u00e1 la integraci\u00f3n del registro de compensaci\u00f3n de Quer\u00e9taro, con lo que asegura informes de compensaci\u00f3n s\u00f3lidos y transparentes; y el GESG proporcionar\u00e1 compensaciones de carbono de biodiversidad, fomentando los esfuerzos locales de restauraci\u00f3n ambiental.<\/p>\n<p>Al respecto, en un comunicado, el gobierno estatal de Quer\u00e9taro precis\u00f3 que la firma del acuerdo fortalece el convenio pactado en la COP28, para ampliar los objetivos y acciones para desarrollar un ecosistema seguro de recursos financieros para atender el impacto ambiental; adem\u00e1s, a esta firma se incorporaron dos actores (Callirius y OpenForests) que promueven acciones de impacto.<\/p>\n<p>En Quer\u00e9taro Siemens fabrica paneles para el control de la electrificaci\u00f3n en diferentes industrias, entre ellas los centros de datos.<\/p>\n<p>&nbsp;<\/p>\n","protected":false},"excerpt":{"rendered":"<p>Quer\u00e9taro, Qro. Durante la feria industrial Hannover Messe 2024, en Alemania, la iniciativa privada y el gobierno local firmaron un acuerdo para desarrollar una cadena de suministro sostenible. En el proyecto participan Siemens M\u00e9xico, Centroam\u00e9rica y el Caribe, la organizaci\u00f3n internacional Estainium Association, Grupo Ecol\u00f3gico Sierra Gorda (GESG), OpenForests, Callirius AG y el gobierno estatal [&hellip;]<\/p>\n","protected":false},"author":1,"featured_media":33000,"comment_status":"open","ping_status":"closed","sticky":false,"template":"","format":"standard","meta":{"footnotes":""},"categories":[2],"tags":[],"class_list":["post-32998","post","type-post","status-publish","format-standard","has-post-thumbnail","hentry","category-nacional"],"_links":{"self":[{"href":"https:\/\/solidaridadnews.com\/index.php?rest_route=\/wp\/v2\/posts\/32998","targetHints":{"allow":["GET"]}}],"collection":[{"href":"https:\/\/solidaridadnews.com\/index.php?rest_route=\/wp\/v2\/posts"}],"about":[{"href":"https:\/\/solidaridadnews.com\/index.php?rest_route=\/wp\/v2\/types\/post"}],"author":[{"embeddable":true,"href":"https:\/\/solidaridadnews.com\/index.php?rest_route=\/wp\/v2\/users\/1"}],"replies":[{"embeddable":true,"href":"https:\/\/solidaridadnews.com\/index.php?rest_route=%2Fwp%2Fv2%2Fcomments&post=32998"}],"version-history":[{"count":1,"href":"https:\/\/solidaridadnews.com\/index.php?rest_route=\/wp\/v2\/posts\/32998\/revisions"}],"predecessor-version":[{"id":32999,"href":"https:\/\/solidaridadnews.com\/index.php?rest_route=\/wp\/v2\/posts\/32998\/revisions\/32999"}],"wp:featuredmedia":[{"embeddable":true,"href":"https:\/\/solidaridadnews.com\/index.php?rest_route=\/wp\/v2\/media\/33000"}],"wp:attachment":[{"href":"https:\/\/solidaridadnews.com\/index.php?rest_route=%2Fwp%2Fv2%2Fmedia&parent=32998"}],"wp:term":[{"taxonomy":"category","embeddable":true,"href":"https:\/\/solidaridadnews.com\/index.php?rest_route=%2Fwp%2Fv2%2Fcategories&post=32998"},{"taxonomy":"post_tag","embeddable":true,"href":"https:\/\/solidaridadnews.com\/index.php?rest_route=%2Fwp%2Fv2%2Ftags&post=32998"}],"curies":[{"name":"wp","href":"https:\/\/api.w.org\/{rel}","templated":true}]}}