{"id":32992,"date":"2024-04-24T09:02:16","date_gmt":"2024-04-24T14:02:16","guid":{"rendered":"https:\/\/solidaridadnews.com\/?p=32992"},"modified":"2024-04-24T14:02:18","modified_gmt":"2024-04-24T14:02:18","slug":"seguira-10-anos-mas-en-f1-padre-de-checo-perez-sobre-el-futuro-de-su-hijo","status":"publish","type":"post","link":"https:\/\/solidaridadnews.com\/?p=32992","title":{"rendered":"&#8216;Seguir\u00e1 10 a\u00f1os m\u00e1s en F1&#8217;: Padre de Checo P\u00e9rez sobre el futuro de su hijo"},"content":{"rendered":"<p>Antonio P\u00e9rez, padre de Sergio &#8216;Checo&#8217; P\u00e9rez, asegur\u00f3 que tendremos al piloto mexicano sobre el emparrillado todav\u00eda un buen rato. Ante las dudas y especulaciones que ha generado la posible renovaci\u00f3n del volante tapat\u00edo con Red Bull, por fin su pap\u00e1 sali\u00f3 a calmar las dudas.<\/p>\n<p>\u00abCheco estar\u00e1 muy bien el resto de su vida, tendr\u00e1 diez a\u00f1os m\u00e1s en F1\u00bb, explic\u00f3 Antonio P\u00e9rez para el medio Relevo.<\/p>\n<p>Asimismo, Antonio tambi\u00e9n afirm\u00f3 que su hijo es el piloto m\u00e1s cotizado de toda la F\u00f3rmula 1.<\/p>\n<p>\u00abCheco tiene muchos escenarios y es el piloto m\u00e1s cotizado hoy en la F1, por encima de todos, es el que m\u00e1s patrocinadores tiene, m\u00e1s que Max y Hamilton juntos\u00bb, expres\u00f3 para Relevo.<\/p>\n<p>&nbsp;<\/p>\n","protected":false},"excerpt":{"rendered":"<p>Antonio P\u00e9rez, padre de Sergio &#8216;Checo&#8217; P\u00e9rez, asegur\u00f3 que tendremos al piloto mexicano sobre el emparrillado todav\u00eda un buen rato. Ante las dudas y especulaciones que ha generado la posible renovaci\u00f3n del volante tapat\u00edo con Red Bull, por fin su pap\u00e1 sali\u00f3 a calmar las dudas. \u00abCheco estar\u00e1 muy bien el resto de su vida, [&hellip;]<\/p>\n","protected":false},"author":1,"featured_media":32994,"comment_status":"open","ping_status":"closed","sticky":false,"template":"","format":"standard","meta":{"footnotes":""},"categories":[6],"tags":[],"class_list":["post-32992","post","type-post","status-publish","format-standard","has-post-thumbnail","hentry","category-deportes"],"_links":{"self":[{"href":"https:\/\/solidaridadnews.com\/index.php?rest_route=\/wp\/v2\/posts\/32992","targetHints":{"allow":["GET"]}}],"collection":[{"href":"https:\/\/solidaridadnews.com\/index.php?rest_route=\/wp\/v2\/posts"}],"about":[{"href":"https:\/\/solidaridadnews.com\/index.php?rest_route=\/wp\/v2\/types\/post"}],"author":[{"embeddable":true,"href":"https:\/\/solidaridadnews.com\/index.php?rest_route=\/wp\/v2\/users\/1"}],"replies":[{"embeddable":true,"href":"https:\/\/solidaridadnews.com\/index.php?rest_route=%2Fwp%2Fv2%2Fcomments&post=32992"}],"version-history":[{"count":1,"href":"https:\/\/solidaridadnews.com\/index.php?rest_route=\/wp\/v2\/posts\/32992\/revisions"}],"predecessor-version":[{"id":32993,"href":"https:\/\/solidaridadnews.com\/index.php?rest_route=\/wp\/v2\/posts\/32992\/revisions\/32993"}],"wp:featuredmedia":[{"embeddable":true,"href":"https:\/\/solidaridadnews.com\/index.php?rest_route=\/wp\/v2\/media\/32994"}],"wp:attachment":[{"href":"https:\/\/solidaridadnews.com\/index.php?rest_route=%2Fwp%2Fv2%2Fmedia&parent=32992"}],"wp:term":[{"taxonomy":"category","embeddable":true,"href":"https:\/\/solidaridadnews.com\/index.php?rest_route=%2Fwp%2Fv2%2Fcategories&post=32992"},{"taxonomy":"post_tag","embeddable":true,"href":"https:\/\/solidaridadnews.com\/index.php?rest_route=%2Fwp%2Fv2%2Ftags&post=32992"}],"curies":[{"name":"wp","href":"https:\/\/api.w.org\/{rel}","templated":true}]}}