{"id":32977,"date":"2024-04-23T12:00:23","date_gmt":"2024-04-23T17:00:23","guid":{"rendered":"https:\/\/solidaridadnews.com\/?p=32977"},"modified":"2024-04-23T17:00:24","modified_gmt":"2024-04-23T17:00:24","slug":"morat-es-el-segundo-invitado-al-final-four-de-la-kings-league-americas","status":"publish","type":"post","link":"https:\/\/solidaridadnews.com\/?p=32977","title":{"rendered":"Morat es el segundo invitado al Final Four de la Kings League Am\u00e9ricas"},"content":{"rendered":"<p>El Final Four de la Kings League est\u00e1 cerca de llevarse a cabo y, tanto Miguel Lay\u00fan como Gerard Piqu\u00e9 quieren tirar la casa por la ventana para celebrar la primera edici\u00f3n de este formato en Am\u00e9rica Latina.<\/p>\n<p>Despu\u00e9s del anuncio de Car\u00edn Le\u00f3n como artista invitado para la primera edici\u00f3n del Final Four, la organizaci\u00f3n de la Kings League ha decidido que uno es poco y que m\u00e1s es mejor, por lo que este lunes anunciaron la presencia de la banda colombiana Morat.<\/p>\n<p>La agrupaci\u00f3n formada en Bogot\u00e1 en el a\u00f1o 2011 es una de las grandes favoritas del p\u00fablico mexicano, teniendo llenos totales en recintos como el Auditorio Nacional o el Palacio de los Deportes y ahora, podr\u00e1n estar en el Estadio Azteca en el Final Four de la Kings League.<\/p>\n<p>El pr\u00f3ximo 28 de abril se llevar\u00e1n a cabo los Playoffs para conocer a los cuatro equipos que estar\u00e1n en la cancha del Estadio Azteca el pr\u00f3ximo 4 de mayo.<\/p>\n","protected":false},"excerpt":{"rendered":"<p>El Final Four de la Kings League est\u00e1 cerca de llevarse a cabo y, tanto Miguel Lay\u00fan como Gerard Piqu\u00e9 quieren tirar la casa por la ventana para celebrar la primera edici\u00f3n de este formato en Am\u00e9rica Latina. Despu\u00e9s del anuncio de Car\u00edn Le\u00f3n como artista invitado para la primera edici\u00f3n del Final Four, la [&hellip;]<\/p>\n","protected":false},"author":1,"featured_media":32979,"comment_status":"open","ping_status":"closed","sticky":false,"template":"","format":"standard","meta":{"footnotes":""},"categories":[3],"tags":[],"class_list":["post-32977","post","type-post","status-publish","format-standard","has-post-thumbnail","hentry","category-espectaculos"],"_links":{"self":[{"href":"https:\/\/solidaridadnews.com\/index.php?rest_route=\/wp\/v2\/posts\/32977","targetHints":{"allow":["GET"]}}],"collection":[{"href":"https:\/\/solidaridadnews.com\/index.php?rest_route=\/wp\/v2\/posts"}],"about":[{"href":"https:\/\/solidaridadnews.com\/index.php?rest_route=\/wp\/v2\/types\/post"}],"author":[{"embeddable":true,"href":"https:\/\/solidaridadnews.com\/index.php?rest_route=\/wp\/v2\/users\/1"}],"replies":[{"embeddable":true,"href":"https:\/\/solidaridadnews.com\/index.php?rest_route=%2Fwp%2Fv2%2Fcomments&post=32977"}],"version-history":[{"count":1,"href":"https:\/\/solidaridadnews.com\/index.php?rest_route=\/wp\/v2\/posts\/32977\/revisions"}],"predecessor-version":[{"id":32978,"href":"https:\/\/solidaridadnews.com\/index.php?rest_route=\/wp\/v2\/posts\/32977\/revisions\/32978"}],"wp:featuredmedia":[{"embeddable":true,"href":"https:\/\/solidaridadnews.com\/index.php?rest_route=\/wp\/v2\/media\/32979"}],"wp:attachment":[{"href":"https:\/\/solidaridadnews.com\/index.php?rest_route=%2Fwp%2Fv2%2Fmedia&parent=32977"}],"wp:term":[{"taxonomy":"category","embeddable":true,"href":"https:\/\/solidaridadnews.com\/index.php?rest_route=%2Fwp%2Fv2%2Fcategories&post=32977"},{"taxonomy":"post_tag","embeddable":true,"href":"https:\/\/solidaridadnews.com\/index.php?rest_route=%2Fwp%2Fv2%2Ftags&post=32977"}],"curies":[{"name":"wp","href":"https:\/\/api.w.org\/{rel}","templated":true}]}}