{"id":32971,"date":"2024-04-22T11:48:15","date_gmt":"2024-04-22T16:48:15","guid":{"rendered":"https:\/\/solidaridadnews.com\/?p=32971"},"modified":"2024-04-22T16:48:16","modified_gmt":"2024-04-22T16:48:16","slug":"se-quema-polleria-en-playa-del-carmen","status":"publish","type":"post","link":"https:\/\/solidaridadnews.com\/?p=32971","title":{"rendered":"Se quema poller\u00eda en Playa del Carmen"},"content":{"rendered":"<p>El incendio de una acumulaci\u00f3n de grasa en una poller\u00eda del segundo parque de Villas del Sol caus\u00f3 alarma y deriv\u00f3 en la movilizaci\u00f3n de bomberos, quienes con \u00e9xito extinguieron estas llamas, sin que hubiera personas lesionadas.<\/p>\n<p>Personal de la poller\u00eda \u201cEl G\u00fcero\u201d, ubicada en la avenida de los Gavilanes (CTM) con B\u00fahos, realizaba limpieza, la ma\u00f1ana de hoy lunes, y juntaron la grasa y melcocha retirada de las parrillas, en un rinc\u00f3n, junto con el carb\u00f3n usado. Fue esta basura la que, para sorpresa de todos, prendi\u00f3 fuego, amenazando con esparcirse por el local.<\/p>\n<p>Por fortuna, debido a la r\u00e1pida intervenci\u00f3n de bomberos, la situaci\u00f3n no pas\u00f3 de un conato.<\/p>\n<p>Lo curioso es que este local es contiguo a una lavander\u00eda que se incendi\u00f3 a inicios de este a\u00f1o, hecho por el cual los bomberos se movilizaron en mayor n\u00famero a este lugar.<\/p>\n<p>&nbsp;<\/p>\n","protected":false},"excerpt":{"rendered":"<p>El incendio de una acumulaci\u00f3n de grasa en una poller\u00eda del segundo parque de Villas del Sol caus\u00f3 alarma y deriv\u00f3 en la movilizaci\u00f3n de bomberos, quienes con \u00e9xito extinguieron estas llamas, sin que hubiera personas lesionadas. Personal de la poller\u00eda \u201cEl G\u00fcero\u201d, ubicada en la avenida de los Gavilanes (CTM) con B\u00fahos, realizaba limpieza, [&hellip;]<\/p>\n","protected":false},"author":1,"featured_media":32973,"comment_status":"open","ping_status":"closed","sticky":false,"template":"","format":"standard","meta":{"footnotes":""},"categories":[4,14],"tags":[],"class_list":["post-32971","post","type-post","status-publish","format-standard","has-post-thumbnail","hentry","category-local","category-policia"],"_links":{"self":[{"href":"https:\/\/solidaridadnews.com\/index.php?rest_route=\/wp\/v2\/posts\/32971","targetHints":{"allow":["GET"]}}],"collection":[{"href":"https:\/\/solidaridadnews.com\/index.php?rest_route=\/wp\/v2\/posts"}],"about":[{"href":"https:\/\/solidaridadnews.com\/index.php?rest_route=\/wp\/v2\/types\/post"}],"author":[{"embeddable":true,"href":"https:\/\/solidaridadnews.com\/index.php?rest_route=\/wp\/v2\/users\/1"}],"replies":[{"embeddable":true,"href":"https:\/\/solidaridadnews.com\/index.php?rest_route=%2Fwp%2Fv2%2Fcomments&post=32971"}],"version-history":[{"count":1,"href":"https:\/\/solidaridadnews.com\/index.php?rest_route=\/wp\/v2\/posts\/32971\/revisions"}],"predecessor-version":[{"id":32972,"href":"https:\/\/solidaridadnews.com\/index.php?rest_route=\/wp\/v2\/posts\/32971\/revisions\/32972"}],"wp:featuredmedia":[{"embeddable":true,"href":"https:\/\/solidaridadnews.com\/index.php?rest_route=\/wp\/v2\/media\/32973"}],"wp:attachment":[{"href":"https:\/\/solidaridadnews.com\/index.php?rest_route=%2Fwp%2Fv2%2Fmedia&parent=32971"}],"wp:term":[{"taxonomy":"category","embeddable":true,"href":"https:\/\/solidaridadnews.com\/index.php?rest_route=%2Fwp%2Fv2%2Fcategories&post=32971"},{"taxonomy":"post_tag","embeddable":true,"href":"https:\/\/solidaridadnews.com\/index.php?rest_route=%2Fwp%2Fv2%2Ftags&post=32971"}],"curies":[{"name":"wp","href":"https:\/\/api.w.org\/{rel}","templated":true}]}}