{"id":32968,"date":"2024-04-22T11:16:32","date_gmt":"2024-04-22T16:16:32","guid":{"rendered":"https:\/\/solidaridadnews.com\/?p=32968"},"modified":"2024-04-22T16:16:33","modified_gmt":"2024-04-22T16:16:33","slug":"descubren-fosiles-de-especies-humanas-de-hace-miles-de-anos-en-los-azulejos-de-una-cocina","status":"publish","type":"post","link":"https:\/\/solidaridadnews.com\/?p=32968","title":{"rendered":"Descubren f\u00f3siles de especies humanas de hace miles de a\u00f1os en los azulejos de una cocina"},"content":{"rendered":"<p>Hace miles de a\u00f1os los hom\u00ednidos evolucionaron hasta convertirse en homo sapiens, es decir el hombre moderno; a lo largo de la historia se han ido descubriendo en cuevas, f\u00f3siles de aquellas especies que antecedieron al ser humano, desde Australopithecus, pasando por el Homo habilis y el Homo erectus, hasta el Neandertal, todos con caracter\u00edsticas muy especiales.<\/p>\n<p>Y es que recientemente el estudio de los hom\u00ednidos volvi\u00f3 a ser noticia por una raz\u00f3n muy curiosa luego de que un dentista qued\u00f3 sorprendido cuando un d\u00eda, de visita en casa de sus padres, descubri\u00f3 la parte de una anatom\u00eda incrustada en el pasillo de su casa recientemente renovada.<\/p>\n<p>El m\u00e9dico no sali\u00f3 de su asombr\u00f3 cuando comprob\u00f3 que se trataba de una mand\u00edbula humana fosilizada que perteneci\u00f3 a un antiguo hom\u00ednido que vivi\u00f3 hace miles de a\u00f1os y que ahora parec\u00eda ser parte de la decoraci\u00f3n de la casa paterna.<\/p>\n<p>La historia de este incre\u00edble hallazgo qued\u00f3 registrada en la red social Reddit y fue confirmada a Daily Mail por varios expertos, quienes explicaron que se trata de una mand\u00edbula y que probablemente perteneci\u00f3 a un Homo sapiens, o a un hom\u00ednido extinto como el Homo erectus o un neandertal.<\/p>\n<p>Las baldosas en donde el f\u00f3sil fue descubierto, est\u00e1n hechas de travertino, una piedra caliza rica en calcio que a menudo se extrae de las monta\u00f1as y se corta para fabricar baldosas, de ah\u00ed su origen, sin embargo, los expertos explican que se trata de un hallazgo excepcional, pues los f\u00f3siles de hom\u00ednidos son mucho menos comunes.<\/p>\n<p>En la fotograf\u00eda compartida en Reddit, se observa la mand\u00edbula estaba cortada en \u00e1ngulo. Algunas secciones transversales de dientes permanecen en un lado, mientras que los dientes han sido cortados en el otro lado, exponiendo el interior fosilizado de la mand\u00edbula.<\/p>\n<p>El travertino, una opci\u00f3n com\u00fan y atractiva para las baldosas, resulta m\u00e1s econ\u00f3mico que el m\u00e1rmol y presenta interesantes vetas de cristales de calcita.<\/p>\n<p>Durante el proceso de corte en la cantera y en la preparaci\u00f3n de las baldosas, los detalles finos generalmente pasan desapercibidos y quienes las producen se centran principalmente en la solidez de la piedra, sin prestar mucha atenci\u00f3n a su composici\u00f3n.<\/p>\n<p>El azulejo fue extra\u00eddo en Turqu\u00eda, un lugar en donde, de acuerdo con especialistas, se ha confirmado que es sitio de m\u00faltiples hallazgos de hom\u00ednidos.<\/p>\n<p>&nbsp;<\/p>\n","protected":false},"excerpt":{"rendered":"<p>Hace miles de a\u00f1os los hom\u00ednidos evolucionaron hasta convertirse en homo sapiens, es decir el hombre moderno; a lo largo de la historia se han ido descubriendo en cuevas, f\u00f3siles de aquellas especies que antecedieron al ser humano, desde Australopithecus, pasando por el Homo habilis y el Homo erectus, hasta el Neandertal, todos con caracter\u00edsticas [&hellip;]<\/p>\n","protected":false},"author":1,"featured_media":32970,"comment_status":"open","ping_status":"closed","sticky":false,"template":"","format":"standard","meta":{"footnotes":""},"categories":[9],"tags":[],"class_list":["post-32968","post","type-post","status-publish","format-standard","has-post-thumbnail","hentry","category-internacional"],"_links":{"self":[{"href":"https:\/\/solidaridadnews.com\/index.php?rest_route=\/wp\/v2\/posts\/32968","targetHints":{"allow":["GET"]}}],"collection":[{"href":"https:\/\/solidaridadnews.com\/index.php?rest_route=\/wp\/v2\/posts"}],"about":[{"href":"https:\/\/solidaridadnews.com\/index.php?rest_route=\/wp\/v2\/types\/post"}],"author":[{"embeddable":true,"href":"https:\/\/solidaridadnews.com\/index.php?rest_route=\/wp\/v2\/users\/1"}],"replies":[{"embeddable":true,"href":"https:\/\/solidaridadnews.com\/index.php?rest_route=%2Fwp%2Fv2%2Fcomments&post=32968"}],"version-history":[{"count":1,"href":"https:\/\/solidaridadnews.com\/index.php?rest_route=\/wp\/v2\/posts\/32968\/revisions"}],"predecessor-version":[{"id":32969,"href":"https:\/\/solidaridadnews.com\/index.php?rest_route=\/wp\/v2\/posts\/32968\/revisions\/32969"}],"wp:featuredmedia":[{"embeddable":true,"href":"https:\/\/solidaridadnews.com\/index.php?rest_route=\/wp\/v2\/media\/32970"}],"wp:attachment":[{"href":"https:\/\/solidaridadnews.com\/index.php?rest_route=%2Fwp%2Fv2%2Fmedia&parent=32968"}],"wp:term":[{"taxonomy":"category","embeddable":true,"href":"https:\/\/solidaridadnews.com\/index.php?rest_route=%2Fwp%2Fv2%2Fcategories&post=32968"},{"taxonomy":"post_tag","embeddable":true,"href":"https:\/\/solidaridadnews.com\/index.php?rest_route=%2Fwp%2Fv2%2Ftags&post=32968"}],"curies":[{"name":"wp","href":"https:\/\/api.w.org\/{rel}","templated":true}]}}