{"id":32962,"date":"2024-04-22T10:36:38","date_gmt":"2024-04-22T15:36:38","guid":{"rendered":"https:\/\/solidaridadnews.com\/?p=32962"},"modified":"2024-04-22T15:36:39","modified_gmt":"2024-04-22T15:36:39","slug":"las-spice-girls-se-reunen-en-el-cumpleanos-50-de-victoria-beckham","status":"publish","type":"post","link":"https:\/\/solidaridadnews.com\/?p=32962","title":{"rendered":"Las Spice Girls se re\u00fanen en el cumplea\u00f1os 50 de Victoria Beckham"},"content":{"rendered":"<p>Las Spice Girls se reunieron oficialmente durante la celebraci\u00f3n del 50 cumplea\u00f1os de Victoria Beckham en Londres el s\u00e1bado.<\/p>\n<p>El ic\u00f3nico grupo brit\u00e1nico, formado en 1994, compuesto por Beckham, Mel B, Melanie C, Emma Bunton y Geri Halliwell cant\u00f3 uno de sus \u00e9xitos, \u00abStop\u00bb, para los invitados, y todo fue captado por la c\u00e1mara de David Beckham.<\/p>\n<p>En un clip publicado en su cuenta de Instagram, el exfutbolista se mostraba emocionado con una sonrisa en su rostro mientras el grupo realizaba algunos movimientos de baile y cantaba la letra. Otros asistentes tambi\u00e9n se unieron a la diversi\u00f3n durante este momento especial.<\/p>\n<p>\u00abQuiero decir, vamos por @victoriabeckham @melaniecmusic @officialmelb @emmaleebunton @gerihalliwellhorner\u00bb, escribi\u00f3 David seguido de coloridos emojis de corazones.<\/p>\n<p>En tanto, Victoria comparti\u00f3 el clip con el mensaje:<\/p>\n<p>\u00ab\u00a1La mejor noche de mi vida! \u00a1Feliz cumplea\u00f1os para m\u00ed! \u00a1Os quiero tant\u00edsimo a todos! #Dale sabor a tu vida\u00bb.<\/p>\n<p>En redes sociales, internautas acudieron en masa a la secci\u00f3n de comentarios en donde celebraron la reuni\u00f3n de la famosa agrupaci\u00f3n:<\/p>\n<p>\u00abEl momento que todo el planeta ha estado esperando\u00bb, \u00abDavid, eres el mejor administrador de redes sociales que existe, gracias por brindar contenido a la gente\u00bb, \u00abSpice Girls, realmente necesito que hagan una gira o algo as\u00ed\u00bb, \u00abEstoy llorando porque David es la groupie aqu\u00ed\u00bb, \u00abLa forma en que toda una generaci\u00f3n est\u00e1 emocionada\u00bb,\u00bb\u00a1Este es ahora el mejor d\u00eda de nuestras vidas colectivas!\u00bb, fueron algunos.<\/p>\n<p>Las Spice Girls alcanzaron la fama a finales de los 90 e inicios de los 2000 con \u00e9xitos como \u00abWannabe\u00bb (1996), que ayud\u00f3 a impulsar su carrera en la industria, as\u00ed como \u00ab2 Become 1\u00bb (1996) y \u00abViva Forever\u00bb (1997).<\/p>\n<p>En medio del \u00e9xito, lanzaron la pel\u00edcula \u00abSpice World\u00bb, que fue un \u00e9xito de taquilla. Sin embargo, en 2000, el grupo hizo una pausa mientras sus integrantes se centraban en sus carreras en solitario.<\/p>\n<p>El grupo se reuni\u00f3 de 2007 a 2008 para la gira \u00abReturn Of The Spice Girls\u00bb y nuevamente para los Juegos Ol\u00edmpicos de Verano de 2012 en Londres.<\/p>\n<p>&nbsp;<\/p>\n","protected":false},"excerpt":{"rendered":"<p>Las Spice Girls se reunieron oficialmente durante la celebraci\u00f3n del 50 cumplea\u00f1os de Victoria Beckham en Londres el s\u00e1bado. El ic\u00f3nico grupo brit\u00e1nico, formado en 1994, compuesto por Beckham, Mel B, Melanie C, Emma Bunton y Geri Halliwell cant\u00f3 uno de sus \u00e9xitos, \u00abStop\u00bb, para los invitados, y todo fue captado por la c\u00e1mara de [&hellip;]<\/p>\n","protected":false},"author":1,"featured_media":32964,"comment_status":"open","ping_status":"closed","sticky":false,"template":"","format":"standard","meta":{"footnotes":""},"categories":[3],"tags":[],"class_list":["post-32962","post","type-post","status-publish","format-standard","has-post-thumbnail","hentry","category-espectaculos"],"_links":{"self":[{"href":"https:\/\/solidaridadnews.com\/index.php?rest_route=\/wp\/v2\/posts\/32962","targetHints":{"allow":["GET"]}}],"collection":[{"href":"https:\/\/solidaridadnews.com\/index.php?rest_route=\/wp\/v2\/posts"}],"about":[{"href":"https:\/\/solidaridadnews.com\/index.php?rest_route=\/wp\/v2\/types\/post"}],"author":[{"embeddable":true,"href":"https:\/\/solidaridadnews.com\/index.php?rest_route=\/wp\/v2\/users\/1"}],"replies":[{"embeddable":true,"href":"https:\/\/solidaridadnews.com\/index.php?rest_route=%2Fwp%2Fv2%2Fcomments&post=32962"}],"version-history":[{"count":1,"href":"https:\/\/solidaridadnews.com\/index.php?rest_route=\/wp\/v2\/posts\/32962\/revisions"}],"predecessor-version":[{"id":32963,"href":"https:\/\/solidaridadnews.com\/index.php?rest_route=\/wp\/v2\/posts\/32962\/revisions\/32963"}],"wp:featuredmedia":[{"embeddable":true,"href":"https:\/\/solidaridadnews.com\/index.php?rest_route=\/wp\/v2\/media\/32964"}],"wp:attachment":[{"href":"https:\/\/solidaridadnews.com\/index.php?rest_route=%2Fwp%2Fv2%2Fmedia&parent=32962"}],"wp:term":[{"taxonomy":"category","embeddable":true,"href":"https:\/\/solidaridadnews.com\/index.php?rest_route=%2Fwp%2Fv2%2Fcategories&post=32962"},{"taxonomy":"post_tag","embeddable":true,"href":"https:\/\/solidaridadnews.com\/index.php?rest_route=%2Fwp%2Fv2%2Ftags&post=32962"}],"curies":[{"name":"wp","href":"https:\/\/api.w.org\/{rel}","templated":true}]}}