{"id":32950,"date":"2024-04-21T13:35:29","date_gmt":"2024-04-21T18:35:29","guid":{"rendered":"https:\/\/solidaridadnews.com\/?p=32950"},"modified":"2024-04-21T18:35:30","modified_gmt":"2024-04-21T18:35:30","slug":"edicion-xi-de-los-premios-platino-brilla-en-quintana-roo","status":"publish","type":"post","link":"https:\/\/solidaridadnews.com\/?p=32950","title":{"rendered":"Edici\u00f3n XI de los Premios Platino brilla en Quintana Roo"},"content":{"rendered":"<p>La celebraci\u00f3n de la XI edici\u00f3n de los Premios Platino Xcaret congreg\u00f3 a un elenco estelar de actores, directores y personalidades de la televisi\u00f3n y el cine en la Riviera Maya.<\/p>\n<p>El evento, que tuvo lugar ayer por la noche en el gran Tlaxco, atrajo a figuras internacionales y locales, destac\u00e1ndose por la presencia de celebridades como David Bisbal, Cecilia Roth, Gabriela Espino, Alfonso Herrera, Yalitza Aparicio, Ana Layevska, Galilea Montijo, y muchos m\u00e1s, quienes desfilaron por la alfombra roja en impresionantes atuendos, captando la atenci\u00f3n de numerosos medios de comunicaci\u00f3n.<\/p>\n<p>La gala fue dirigida con maestr\u00eda por la actriz mexicana Esmeralda Pimentel y la cantante colombiana Majida Issa, marcando un hito en la historia de los Premios Platino al ser la primera edici\u00f3n conducida exclusivamente por mujeres.<\/p>\n<p>Ambas destacaron por su carisma y la habilidad para interactuar con el p\u00fablico, enfatizando el empoderamiento femenino.<\/p>\n<p>&nbsp;<\/p>\n","protected":false},"excerpt":{"rendered":"<p>La celebraci\u00f3n de la XI edici\u00f3n de los Premios Platino Xcaret congreg\u00f3 a un elenco estelar de actores, directores y personalidades de la televisi\u00f3n y el cine en la Riviera Maya. El evento, que tuvo lugar ayer por la noche en el gran Tlaxco, atrajo a figuras internacionales y locales, destac\u00e1ndose por la presencia de [&hellip;]<\/p>\n","protected":false},"author":1,"featured_media":32952,"comment_status":"open","ping_status":"closed","sticky":false,"template":"","format":"standard","meta":{"footnotes":""},"categories":[3,4],"tags":[],"class_list":["post-32950","post","type-post","status-publish","format-standard","has-post-thumbnail","hentry","category-espectaculos","category-local"],"_links":{"self":[{"href":"https:\/\/solidaridadnews.com\/index.php?rest_route=\/wp\/v2\/posts\/32950","targetHints":{"allow":["GET"]}}],"collection":[{"href":"https:\/\/solidaridadnews.com\/index.php?rest_route=\/wp\/v2\/posts"}],"about":[{"href":"https:\/\/solidaridadnews.com\/index.php?rest_route=\/wp\/v2\/types\/post"}],"author":[{"embeddable":true,"href":"https:\/\/solidaridadnews.com\/index.php?rest_route=\/wp\/v2\/users\/1"}],"replies":[{"embeddable":true,"href":"https:\/\/solidaridadnews.com\/index.php?rest_route=%2Fwp%2Fv2%2Fcomments&post=32950"}],"version-history":[{"count":1,"href":"https:\/\/solidaridadnews.com\/index.php?rest_route=\/wp\/v2\/posts\/32950\/revisions"}],"predecessor-version":[{"id":32951,"href":"https:\/\/solidaridadnews.com\/index.php?rest_route=\/wp\/v2\/posts\/32950\/revisions\/32951"}],"wp:featuredmedia":[{"embeddable":true,"href":"https:\/\/solidaridadnews.com\/index.php?rest_route=\/wp\/v2\/media\/32952"}],"wp:attachment":[{"href":"https:\/\/solidaridadnews.com\/index.php?rest_route=%2Fwp%2Fv2%2Fmedia&parent=32950"}],"wp:term":[{"taxonomy":"category","embeddable":true,"href":"https:\/\/solidaridadnews.com\/index.php?rest_route=%2Fwp%2Fv2%2Fcategories&post=32950"},{"taxonomy":"post_tag","embeddable":true,"href":"https:\/\/solidaridadnews.com\/index.php?rest_route=%2Fwp%2Fv2%2Ftags&post=32950"}],"curies":[{"name":"wp","href":"https:\/\/api.w.org\/{rel}","templated":true}]}}