{"id":32944,"date":"2024-04-21T12:48:32","date_gmt":"2024-04-21T17:48:32","guid":{"rendered":"https:\/\/solidaridadnews.com\/?p=32944"},"modified":"2024-04-21T17:48:33","modified_gmt":"2024-04-21T17:48:33","slug":"lamenta-corte-fallecimiento-de-noe-castanon-ministro-jubilado","status":"publish","type":"post","link":"https:\/\/solidaridadnews.com\/?p=32944","title":{"rendered":"Lamenta Corte fallecimiento de No\u00e9 Casta\u00f1\u00f3n, ministro jubilado"},"content":{"rendered":"<p>La Suprema Corte de Justicia de la Naci\u00f3n (SCJN) lament\u00f3 el fallecimiento del ministro jubilado, No\u00e9 Casta\u00f1\u00f3n Le\u00f3n, ocurrido ayer en su estado natal.<\/p>\n<p>A trav\u00e9s de una tarjeta informativa, la Corte se\u00f1al\u00f3 que los integrantes del pleno y quienes colaboran en el alto tribunal, se unen a la pena que embarga a su familia y amigos.<\/p>\n<p>Nacido en Berrioz\u00e1bal, Chiapas, el 15 de abril de 1948, Casta\u00f1\u00f3n Le\u00f3n, quien fuera secretario de gobierno de Chiapas durante la administraci\u00f3n del exgobernador Juan Sabines, fue designado Oficial Judicial, en 1967, y posteriormente, secretario proyectista y primer secretario del Juzgado Primero de Distrito en Materia Civil, en el entonces Distrito Federal.<br \/>\nPlay Video<\/p>\n<p>En 1974 se le confiri\u00f3 el nombramiento de secretario de Estudio y Cuenta de la Corte; en 1980 el de subsecretario de Acuerdos y de 1984 a 1985 fungi\u00f3 como secretario general de acuerdos.<\/p>\n<p>Despu\u00e9s fue designado Ministro Numerario, cargo que asumi\u00f3 el 23 de abril de 1985 y qued\u00f3 adscrito a la Tercera Sala.<\/p>\n<p>A partir de 1986 y hasta el 31 de diciembre de 1994, fecha en la que obtuvo su jubilaci\u00f3n, ocup\u00f3 un sitial en la Segunda Sala.<\/p>\n<p>Lee tambi\u00e9n El respeto a la Constituci\u00f3n es y debe ser el faro del Poder Judicial: ministro Juan Luis Gonz\u00e1lez Alc\u00e1ntara Carranc\u00e1<\/p>\n<p>Casta\u00f1\u00f3n Le\u00f3n tambi\u00e9n fue presidente del Supremo Tribunal de Justicia del Estado de Chiapas, en el sexenio del exgobernador de Chiapas, Roberto Albores Guill\u00e9n.<\/p>\n<p>&nbsp;<\/p>\n","protected":false},"excerpt":{"rendered":"<p>La Suprema Corte de Justicia de la Naci\u00f3n (SCJN) lament\u00f3 el fallecimiento del ministro jubilado, No\u00e9 Casta\u00f1\u00f3n Le\u00f3n, ocurrido ayer en su estado natal. A trav\u00e9s de una tarjeta informativa, la Corte se\u00f1al\u00f3 que los integrantes del pleno y quienes colaboran en el alto tribunal, se unen a la pena que embarga a su familia [&hellip;]<\/p>\n","protected":false},"author":1,"featured_media":32946,"comment_status":"open","ping_status":"closed","sticky":false,"template":"","format":"standard","meta":{"footnotes":""},"categories":[2],"tags":[],"class_list":["post-32944","post","type-post","status-publish","format-standard","has-post-thumbnail","hentry","category-nacional"],"_links":{"self":[{"href":"https:\/\/solidaridadnews.com\/index.php?rest_route=\/wp\/v2\/posts\/32944","targetHints":{"allow":["GET"]}}],"collection":[{"href":"https:\/\/solidaridadnews.com\/index.php?rest_route=\/wp\/v2\/posts"}],"about":[{"href":"https:\/\/solidaridadnews.com\/index.php?rest_route=\/wp\/v2\/types\/post"}],"author":[{"embeddable":true,"href":"https:\/\/solidaridadnews.com\/index.php?rest_route=\/wp\/v2\/users\/1"}],"replies":[{"embeddable":true,"href":"https:\/\/solidaridadnews.com\/index.php?rest_route=%2Fwp%2Fv2%2Fcomments&post=32944"}],"version-history":[{"count":1,"href":"https:\/\/solidaridadnews.com\/index.php?rest_route=\/wp\/v2\/posts\/32944\/revisions"}],"predecessor-version":[{"id":32945,"href":"https:\/\/solidaridadnews.com\/index.php?rest_route=\/wp\/v2\/posts\/32944\/revisions\/32945"}],"wp:featuredmedia":[{"embeddable":true,"href":"https:\/\/solidaridadnews.com\/index.php?rest_route=\/wp\/v2\/media\/32946"}],"wp:attachment":[{"href":"https:\/\/solidaridadnews.com\/index.php?rest_route=%2Fwp%2Fv2%2Fmedia&parent=32944"}],"wp:term":[{"taxonomy":"category","embeddable":true,"href":"https:\/\/solidaridadnews.com\/index.php?rest_route=%2Fwp%2Fv2%2Fcategories&post=32944"},{"taxonomy":"post_tag","embeddable":true,"href":"https:\/\/solidaridadnews.com\/index.php?rest_route=%2Fwp%2Fv2%2Ftags&post=32944"}],"curies":[{"name":"wp","href":"https:\/\/api.w.org\/{rel}","templated":true}]}}