{"id":32941,"date":"2024-04-21T12:24:13","date_gmt":"2024-04-21T17:24:13","guid":{"rendered":"https:\/\/solidaridadnews.com\/?p=32941"},"modified":"2024-04-21T17:24:14","modified_gmt":"2024-04-21T17:24:14","slug":"mbalia-defiende-a-su-hermano-kalimba-tras-ser-vinculado-a-proceso-por-presunto-abuso","status":"publish","type":"post","link":"https:\/\/solidaridadnews.com\/?p=32941","title":{"rendered":"M\u2019Balia defiende a su hermano Kalimba tras ser vinculado a proceso por presunto abuso"},"content":{"rendered":"<p>Kalimba fue vinculado a proceso por presunto abuso sexual luego de que la cantante Melisa Galindo lo denunciara, pero al respecto M\u2019Balia decidi\u00f3 hablar sobre la acusaci\u00f3n hac\u00eda su hermano y de que est\u00e1 a su favor.<\/p>\n<p>\u201c100 por ciento con todo mi ser, la forma en la que nosotros nos comunicamos es privada, pero lo \u00fanico en lo que me puedo centrar mi coraz\u00f3n en la fe y la confianza de que todo se va aclarar\u201d, detall\u00f3.<\/p>\n<p>M\u2019Balia conf\u00eda en Kalimba<br \/>\nLa integrante de OV7 dijo, en entrevista para \u2018Venga la Alegr\u00eda\u2019, que el proceso que est\u00e1 llevando el libertad Kalimba, es algo que afecta a toda la familia y que les duele porque saben que \u00e9l es una persona correcta.<\/p>\n<p>\u201cCreo que a veces la gente no calcula el alcance de lo que puede generar y mira, cada quien su coraz\u00f3n, cada uno sus formas, sus maneras y sus decisiones. No te puedo decir que el coraz\u00f3n no duela, y que no se generen emociones no agradables en un proceso como este, pero al mismo tiempo la certeza de saber qui\u00e9n es \u00e9l. Es en donde m\u00e1s nos mantenemos firmes\u201d, expuso.<\/p>\n<p>M\u2019Balia conf\u00eda que todo saldr\u00e1 bien<br \/>\nPor \u00faltimo, M\u2019Balia declar\u00f3 que espera que todo salga a favor de su hermano pues tiene fe de su inocencia y est\u00e1 orgullosa de su familiar.<\/p>\n<p>\u201cEstoy muy orgullosa y agradecida de que sea mi hermano, de que sea la persona con la que he compartido tantos a\u00f1os. Es un ser extraordinario. Estamos llenos de fe. Confiamos en que as\u00ed va a ser y que la vida adem\u00e1s le va a responder con creces todo lo que se le ha hecho pasar\u201d, concluy\u00f3.<\/p>\n<p>&nbsp;<\/p>\n","protected":false},"excerpt":{"rendered":"<p>Kalimba fue vinculado a proceso por presunto abuso sexual luego de que la cantante Melisa Galindo lo denunciara, pero al respecto M\u2019Balia decidi\u00f3 hablar sobre la acusaci\u00f3n hac\u00eda su hermano y de que est\u00e1 a su favor. \u201c100 por ciento con todo mi ser, la forma en la que nosotros nos comunicamos es privada, pero [&hellip;]<\/p>\n","protected":false},"author":1,"featured_media":32943,"comment_status":"open","ping_status":"closed","sticky":false,"template":"","format":"standard","meta":{"footnotes":""},"categories":[3],"tags":[],"class_list":["post-32941","post","type-post","status-publish","format-standard","has-post-thumbnail","hentry","category-espectaculos"],"_links":{"self":[{"href":"https:\/\/solidaridadnews.com\/index.php?rest_route=\/wp\/v2\/posts\/32941","targetHints":{"allow":["GET"]}}],"collection":[{"href":"https:\/\/solidaridadnews.com\/index.php?rest_route=\/wp\/v2\/posts"}],"about":[{"href":"https:\/\/solidaridadnews.com\/index.php?rest_route=\/wp\/v2\/types\/post"}],"author":[{"embeddable":true,"href":"https:\/\/solidaridadnews.com\/index.php?rest_route=\/wp\/v2\/users\/1"}],"replies":[{"embeddable":true,"href":"https:\/\/solidaridadnews.com\/index.php?rest_route=%2Fwp%2Fv2%2Fcomments&post=32941"}],"version-history":[{"count":1,"href":"https:\/\/solidaridadnews.com\/index.php?rest_route=\/wp\/v2\/posts\/32941\/revisions"}],"predecessor-version":[{"id":32942,"href":"https:\/\/solidaridadnews.com\/index.php?rest_route=\/wp\/v2\/posts\/32941\/revisions\/32942"}],"wp:featuredmedia":[{"embeddable":true,"href":"https:\/\/solidaridadnews.com\/index.php?rest_route=\/wp\/v2\/media\/32943"}],"wp:attachment":[{"href":"https:\/\/solidaridadnews.com\/index.php?rest_route=%2Fwp%2Fv2%2Fmedia&parent=32941"}],"wp:term":[{"taxonomy":"category","embeddable":true,"href":"https:\/\/solidaridadnews.com\/index.php?rest_route=%2Fwp%2Fv2%2Fcategories&post=32941"},{"taxonomy":"post_tag","embeddable":true,"href":"https:\/\/solidaridadnews.com\/index.php?rest_route=%2Fwp%2Fv2%2Ftags&post=32941"}],"curies":[{"name":"wp","href":"https:\/\/api.w.org\/{rel}","templated":true}]}}