{"id":32935,"date":"2024-04-21T12:02:35","date_gmt":"2024-04-21T17:02:35","guid":{"rendered":"https:\/\/solidaridadnews.com\/?p=32935"},"modified":"2024-04-21T17:02:36","modified_gmt":"2024-04-21T17:02:36","slug":"javier-aguirre-en-sevilla-nos-jugamos-nuestro-futuro-en-primera","status":"publish","type":"post","link":"https:\/\/solidaridadnews.com\/?p=32935","title":{"rendered":"Javier Aguirre: \u00abEn Sevilla nos jugamos nuestro futuro en Primera\u00bb"},"content":{"rendered":"<p>Javier Aguirre, entrenador del Mallorca, ha concedido la m\u00e1xima importancia al partido que su equipo disputar\u00e1este lunes en el estadio Ram\u00f3n S\u00e1nchez Pizju\u00e1n, porque puede marcar el futuro del club.<\/p>\n<p>\u00abEn Sevilla, nos estamos jugando nuestro futuro en Primera Divisi\u00f3n, nada m\u00e1s y nada menos\u00bb, ha remarcado.<\/p>\n<p>\u00abTenemos que estar a la altura de las circunstancias. Nos faltan puntos para afrontar el tramo final del campeonato con m\u00e1s tranquilidad, pero nunca hemos estado en descenso en m\u00e1s de 70 partidos\u00bb, asever\u00f3 Aguirre en la rueda de prensa previa a la jornada trig\u00e9sima segunda de Laliga EA Sports.<\/p>\n<p>\u00abEs cierto que el C\u00e1diz perdi\u00f3 (4-1 en Girona), pero no me gusta depender de nadie. Tengo que hacer mi trabajo, no que te lo hagan los dem\u00e1s. Hay que sumar m\u00e1s puntos para quedar en Primera y por diversas circunstancias todav\u00eda no lo hemos hecho\u00bb, admiti\u00f3 el t\u00e9cnico mexicano.<\/p>\n<p>\u00abEn las salidas (una solo victoria a domicilio ante el Celta) no hemos tenido claridad ni hemos sido capaces de ser mejor que el rival. El \u00faltimo tercio nos condena, llevamos una producci\u00f3n muy pobre en ataque. Nos ha faltado la definici\u00f3n, el \u00faltimo pase y esto no ata\u00f1e solo a los delanteros, es a todo el equipo. Y yo soy el m\u00e1ximo responsable de todo eso\u00bb, a\u00f1adi\u00f3.<\/p>\n<p>Aguirre insisti\u00f3 en que \u00absin t\u00e9cnica no hay t\u00e1ctica que valga\u00bb. \u00abLo hemos probado todo, lo trabajamos, pero nos ha faltado ese balance para estar m\u00e1s organizados en el \u00faltimo tercio, donde llegas al fondo, ocupas el \u00e1rea y ah\u00ed eres libre para intentar una gambeta o probar mecanismos ofensivos. Admito que soy pesado con la definici\u00f3n, que es una cuesti\u00f3n de rachas, pero estoy muy contento con mi equipo\u00bb, precis\u00f3 el t\u00e9cnico mallorquinista.<\/p>\n<p>El entrenador de Ciudad de M\u00e9xico se refiri\u00f3, finalmente, al Sevilla. \u00abHa mejorado y es muy reconocible, como todos los equipos de Quique (S\u00e1nchez Flores). Juegan de una manera muy ordenada y son solidarios. Tendr\u00e1n el apoyo de su gente, pero nosotros tenemos que estar a la altura de las circunstancias\u00bb, valor\u00f3 Javier Aguirre.<\/p>\n","protected":false},"excerpt":{"rendered":"<p>Javier Aguirre, entrenador del Mallorca, ha concedido la m\u00e1xima importancia al partido que su equipo disputar\u00e1este lunes en el estadio Ram\u00f3n S\u00e1nchez Pizju\u00e1n, porque puede marcar el futuro del club. \u00abEn Sevilla, nos estamos jugando nuestro futuro en Primera Divisi\u00f3n, nada m\u00e1s y nada menos\u00bb, ha remarcado. \u00abTenemos que estar a la altura de las [&hellip;]<\/p>\n","protected":false},"author":1,"featured_media":32937,"comment_status":"open","ping_status":"closed","sticky":false,"template":"","format":"standard","meta":{"footnotes":""},"categories":[6],"tags":[],"class_list":["post-32935","post","type-post","status-publish","format-standard","has-post-thumbnail","hentry","category-deportes"],"_links":{"self":[{"href":"https:\/\/solidaridadnews.com\/index.php?rest_route=\/wp\/v2\/posts\/32935","targetHints":{"allow":["GET"]}}],"collection":[{"href":"https:\/\/solidaridadnews.com\/index.php?rest_route=\/wp\/v2\/posts"}],"about":[{"href":"https:\/\/solidaridadnews.com\/index.php?rest_route=\/wp\/v2\/types\/post"}],"author":[{"embeddable":true,"href":"https:\/\/solidaridadnews.com\/index.php?rest_route=\/wp\/v2\/users\/1"}],"replies":[{"embeddable":true,"href":"https:\/\/solidaridadnews.com\/index.php?rest_route=%2Fwp%2Fv2%2Fcomments&post=32935"}],"version-history":[{"count":1,"href":"https:\/\/solidaridadnews.com\/index.php?rest_route=\/wp\/v2\/posts\/32935\/revisions"}],"predecessor-version":[{"id":32936,"href":"https:\/\/solidaridadnews.com\/index.php?rest_route=\/wp\/v2\/posts\/32935\/revisions\/32936"}],"wp:featuredmedia":[{"embeddable":true,"href":"https:\/\/solidaridadnews.com\/index.php?rest_route=\/wp\/v2\/media\/32937"}],"wp:attachment":[{"href":"https:\/\/solidaridadnews.com\/index.php?rest_route=%2Fwp%2Fv2%2Fmedia&parent=32935"}],"wp:term":[{"taxonomy":"category","embeddable":true,"href":"https:\/\/solidaridadnews.com\/index.php?rest_route=%2Fwp%2Fv2%2Fcategories&post=32935"},{"taxonomy":"post_tag","embeddable":true,"href":"https:\/\/solidaridadnews.com\/index.php?rest_route=%2Fwp%2Fv2%2Ftags&post=32935"}],"curies":[{"name":"wp","href":"https:\/\/api.w.org\/{rel}","templated":true}]}}