{"id":32929,"date":"2024-04-20T22:14:30","date_gmt":"2024-04-21T03:14:30","guid":{"rendered":"https:\/\/solidaridadnews.com\/?p=32929"},"modified":"2024-04-21T03:14:31","modified_gmt":"2024-04-21T03:14:31","slug":"una-obra-postuma-del-artista-francisco-toledo-se-erige-en-templo-de-oaxaca","status":"publish","type":"post","link":"https:\/\/solidaridadnews.com\/?p=32929","title":{"rendered":"Una obra p\u00f3stuma del artista Francisco Toledo se erige en templo de Oaxaca"},"content":{"rendered":"<p>A partir de un dise\u00f1o creado por el maestro originario del municipio de Juchit\u00e1n, herreros elaboraron una reja para proteger el templo de San Felipe Neri, construido en el siglo XVIII y conocido porque ah\u00ed contrajo matrimonio Benito Ju\u00e1rez, quien ocup\u00f3 varias veces la presidencia de M\u00e9xico en el siglo XIX, con Margarita Maza.<\/p>\n<p>El proyecto comenz\u00f3 desde 2019, a\u00f1o en el que falleci\u00f3 Toledo, con la autorizaci\u00f3n del Instituto Nacional de Antropolog\u00eda e Historia (INAH), la anuencia de la Arquidi\u00f3cesis de Antequera Oaxaca y 40 benefactores convocados por la obra del artista.<\/p>\n<p>El maestro siempre hace falta en Oaxaca, cuando terminamos y continuamos con los proyectos que \u00e9l plante\u00f3 o de los que \u00e9l fue parte, como este, cuando llegamos a culminarlos es una alegr\u00eda porque continuamos un poco con lo que \u00e9l ten\u00eda en mente\u201d, dijo a EFE Sara L\u00f3pez Ellitsgaard, hija del creador.<\/p>\n<p>La reja tiene motivos religiosos, como la forma de las muescas de los clavos utilizados en tiempos de Jesucristo y que se entrelazan con distintivos de Oaxaca, como los chapulines (saltamontes) que \u00e9l dej\u00f3 tambi\u00e9n para la posteridad en sus obras, detall\u00f3 la tambi\u00e9n presidenta de la asociaci\u00f3n \u2018Amigos del Centro Fotogr\u00e1fico Manuel \u00c1lvarez Bravo\u2019 y el Instituto de Artes Gr\u00e1ficas de Oaxaca.<\/p>\n<p>\u201cLa cruz que ten\u00eda aqu\u00ed representaba los clavos de Cristo entonces se trat\u00f3 de interpretar en este corte la figura de c\u00f3mo antes elaboraban los clavos, que eran en forma cuadrada, que empezaban en una mayor dimensi\u00f3n y terminaban en cero\u201d, agreg\u00f3 \u00d3scar Valencia, uno de los arquitectos encargados de la obra.<\/p>\n<p>Desde la expropiaci\u00f3n de los bienes de la Iglesia en el siglo XIX, los templos de Oaxaca quedaron a cargo del Gobierno federal, que vendi\u00f3 a privados parte de los atrios despu\u00e9s de la Guerra Cristera que enfrent\u00f3 al clero con el Estado de 1926 a 1929.<\/p>\n<p>Algunos inmuebles religiosos se protegieron con rejas atriales como San Felipe Neri, que data de 1733, pero con el paso de los a\u00f1os y terremotos quedaron inservibles.<\/p>\n<p>Toledo fue un destacado pintor y escultor, pero tambi\u00e9n un activista de izquierdas y un luchador de los pueblos ind\u00edgenas, en especial de los zapotecas, cultura a la que pertenec\u00eda en su estado natal.<\/p>\n<p>Es considerado el mayor exponente de la pl\u00e1stica mexicana desde mediados del siglo XX y reconocido en Europa, Estados Unidos y Am\u00e9rica Latina por su aportaci\u00f3n al arte.<\/p>\n","protected":false},"excerpt":{"rendered":"<p>A partir de un dise\u00f1o creado por el maestro originario del municipio de Juchit\u00e1n, herreros elaboraron una reja para proteger el templo de San Felipe Neri, construido en el siglo XVIII y conocido porque ah\u00ed contrajo matrimonio Benito Ju\u00e1rez, quien ocup\u00f3 varias veces la presidencia de M\u00e9xico en el siglo XIX, con Margarita Maza. El [&hellip;]<\/p>\n","protected":false},"author":1,"featured_media":32931,"comment_status":"open","ping_status":"closed","sticky":false,"template":"","format":"standard","meta":{"footnotes":""},"categories":[3],"tags":[],"class_list":["post-32929","post","type-post","status-publish","format-standard","has-post-thumbnail","hentry","category-espectaculos"],"_links":{"self":[{"href":"https:\/\/solidaridadnews.com\/index.php?rest_route=\/wp\/v2\/posts\/32929","targetHints":{"allow":["GET"]}}],"collection":[{"href":"https:\/\/solidaridadnews.com\/index.php?rest_route=\/wp\/v2\/posts"}],"about":[{"href":"https:\/\/solidaridadnews.com\/index.php?rest_route=\/wp\/v2\/types\/post"}],"author":[{"embeddable":true,"href":"https:\/\/solidaridadnews.com\/index.php?rest_route=\/wp\/v2\/users\/1"}],"replies":[{"embeddable":true,"href":"https:\/\/solidaridadnews.com\/index.php?rest_route=%2Fwp%2Fv2%2Fcomments&post=32929"}],"version-history":[{"count":1,"href":"https:\/\/solidaridadnews.com\/index.php?rest_route=\/wp\/v2\/posts\/32929\/revisions"}],"predecessor-version":[{"id":32930,"href":"https:\/\/solidaridadnews.com\/index.php?rest_route=\/wp\/v2\/posts\/32929\/revisions\/32930"}],"wp:featuredmedia":[{"embeddable":true,"href":"https:\/\/solidaridadnews.com\/index.php?rest_route=\/wp\/v2\/media\/32931"}],"wp:attachment":[{"href":"https:\/\/solidaridadnews.com\/index.php?rest_route=%2Fwp%2Fv2%2Fmedia&parent=32929"}],"wp:term":[{"taxonomy":"category","embeddable":true,"href":"https:\/\/solidaridadnews.com\/index.php?rest_route=%2Fwp%2Fv2%2Fcategories&post=32929"},{"taxonomy":"post_tag","embeddable":true,"href":"https:\/\/solidaridadnews.com\/index.php?rest_route=%2Fwp%2Fv2%2Ftags&post=32929"}],"curies":[{"name":"wp","href":"https:\/\/api.w.org\/{rel}","templated":true}]}}