{"id":32908,"date":"2024-04-19T17:14:43","date_gmt":"2024-04-19T22:14:43","guid":{"rendered":"https:\/\/solidaridadnews.com\/?p=32908"},"modified":"2024-04-19T22:14:44","modified_gmt":"2024-04-19T22:14:44","slug":"proponen-regidores-extender-a-15-anos-comodato-del-parque-la-ceiba-de-playa-del-carmen","status":"publish","type":"post","link":"https:\/\/solidaridadnews.com\/?p=32908","title":{"rendered":"Proponen regidores extender a 15 a\u00f1os comodato del parque La Ceiba de Playa del Carmen"},"content":{"rendered":"<p>Integrantes de la Comisi\u00f3n de Hacienda, Patrimonio y Cuenta P\u00fablica de Solidaridad propusieron una iniciativa para que la asociaci\u00f3n \u201cFlora y Fauna\u201d contin\u00fae por 15 a\u00f1os m\u00e1s haci\u00e9ndose cargo del Parque La Ceiba.<\/p>\n<p>Esta iniciativa ser\u00e1 presentada en breve ante el Cabildo, aunque en caso de ser aprobada, tendr\u00eda que ser enviada al Congreso del Estado.<\/p>\n<p>As\u00ed lo inform\u00f3 Adri\u00e1n P\u00e9rez Vera, s\u00edndico municipal, quien, en entrevista breve, dijo confiar que esta iniciativa ser\u00e1 aprobada, una vez que sea presentada.<\/p>\n<p>En ese sentido, el representante legal del Ayuntamiento afirm\u00f3 que, debido al excelente trabajo que ha realizado la asociaci\u00f3n, el Ayuntamiento debe renovar este contrato de comodato y acabar con ello con la \u201cincertidumbre jur\u00eddica\u201d que ten\u00eda esta organizaci\u00f3n.<\/p>\n<p>Se\u00f1al\u00f3 que este parque, con el paso del tiempo, se ha convertido en un referente de la ciudad, pues recibe 70 mil visitantes al a\u00f1o y alberga a m\u00e1s de 500 artesanos, talleristas y emprendedores.<\/p>\n<p>Adem\u00e1s, refiri\u00f3 que este contrato de comodato le permitir\u00e1 a la asociaci\u00f3n seguir invirtiendo en este parque.<\/p>\n<p>\u201cQuieren seguir construyendo, invirtiendo, pero tenemos que darle certeza jur\u00eddica, porque si no, cada administraci\u00f3n que cambia, est\u00e1n en la incertidumbre si van a seguir con la disposici\u00f3n del mismo o no\u201d, concluy\u00f3.<\/p>\n","protected":false},"excerpt":{"rendered":"<p>Integrantes de la Comisi\u00f3n de Hacienda, Patrimonio y Cuenta P\u00fablica de Solidaridad propusieron una iniciativa para que la asociaci\u00f3n \u201cFlora y Fauna\u201d contin\u00fae por 15 a\u00f1os m\u00e1s haci\u00e9ndose cargo del Parque La Ceiba. Esta iniciativa ser\u00e1 presentada en breve ante el Cabildo, aunque en caso de ser aprobada, tendr\u00eda que ser enviada al Congreso del [&hellip;]<\/p>\n","protected":false},"author":1,"featured_media":32910,"comment_status":"open","ping_status":"closed","sticky":false,"template":"","format":"standard","meta":{"footnotes":""},"categories":[4],"tags":[],"class_list":["post-32908","post","type-post","status-publish","format-standard","has-post-thumbnail","hentry","category-local"],"_links":{"self":[{"href":"https:\/\/solidaridadnews.com\/index.php?rest_route=\/wp\/v2\/posts\/32908","targetHints":{"allow":["GET"]}}],"collection":[{"href":"https:\/\/solidaridadnews.com\/index.php?rest_route=\/wp\/v2\/posts"}],"about":[{"href":"https:\/\/solidaridadnews.com\/index.php?rest_route=\/wp\/v2\/types\/post"}],"author":[{"embeddable":true,"href":"https:\/\/solidaridadnews.com\/index.php?rest_route=\/wp\/v2\/users\/1"}],"replies":[{"embeddable":true,"href":"https:\/\/solidaridadnews.com\/index.php?rest_route=%2Fwp%2Fv2%2Fcomments&post=32908"}],"version-history":[{"count":1,"href":"https:\/\/solidaridadnews.com\/index.php?rest_route=\/wp\/v2\/posts\/32908\/revisions"}],"predecessor-version":[{"id":32909,"href":"https:\/\/solidaridadnews.com\/index.php?rest_route=\/wp\/v2\/posts\/32908\/revisions\/32909"}],"wp:featuredmedia":[{"embeddable":true,"href":"https:\/\/solidaridadnews.com\/index.php?rest_route=\/wp\/v2\/media\/32910"}],"wp:attachment":[{"href":"https:\/\/solidaridadnews.com\/index.php?rest_route=%2Fwp%2Fv2%2Fmedia&parent=32908"}],"wp:term":[{"taxonomy":"category","embeddable":true,"href":"https:\/\/solidaridadnews.com\/index.php?rest_route=%2Fwp%2Fv2%2Fcategories&post=32908"},{"taxonomy":"post_tag","embeddable":true,"href":"https:\/\/solidaridadnews.com\/index.php?rest_route=%2Fwp%2Fv2%2Ftags&post=32908"}],"curies":[{"name":"wp","href":"https:\/\/api.w.org\/{rel}","templated":true}]}}