{"id":32902,"date":"2024-04-19T16:27:38","date_gmt":"2024-04-19T21:27:38","guid":{"rendered":"https:\/\/solidaridadnews.com\/?p=32902"},"modified":"2024-04-19T21:27:39","modified_gmt":"2024-04-19T21:27:39","slug":"plan-sonora-es-un-macro-proyecto-que-impulsa-negocios-de-energia-renovable-cci-france-mexico","status":"publish","type":"post","link":"https:\/\/solidaridadnews.com\/?p=32902","title":{"rendered":"Plan Sonora es un macro proyecto que impulsa negocios de energ\u00eda renovable: CCI France M\u00e9xico"},"content":{"rendered":"<p>Monterrey, NL. El Plan Sonora de Energ\u00eda Sostenible, respaldado por el gobierno federal y estatal, tiene como objetivo impulsar el desarrollo de la regi\u00f3n, capitalizando oportunidades como la extracci\u00f3n de litio, la expansi\u00f3n de la energ\u00eda renovable y el crecimiento de sectores clave como la industria de semiconductores y veh\u00edculos el\u00e9ctricos.<\/p>\n<p>\u201cVemos que el futuro del estado va a cambiar con todas las inversiones que hay en el Plan Sonora, adem\u00e1s vemos en la franja norte y en todo M\u00e9xico un potencial incre\u00edble de inversi\u00f3n por el nearshoring\u201d, coment\u00f3 a El Economista Xavier de Bellefon, presidente de la C\u00e1mara de Comercio e Industria Franco Mexicana (CCI France M\u00e9xico).<\/p>\n<p>Por ello, la CCI France realiz\u00f3 una misi\u00f3n comercial al estado de Sonora, del 16 al 18 de abril, con 20 empresas que ya tienen presencia en M\u00e9xico, y que a\u00fan no est\u00e1n en la entidad, para hablar con autoridades del estado, empresarios y el Consejo de Desarrollo Sostenible (Codeso), con el objetivo de familiarizarse con las oportunidades que ofrece la regi\u00f3n y comprender mejor las perspectivas y estrategias de desarrollo de Sonora.<\/p>\n<p>En 2023 organizaron algunos eventos virtuales, pero ahora los eventos fueron presenciales, \u201cpero tambi\u00e9n es poco a poco \u2018marquetear\u2019 (o promover) a M\u00e9xico, y en particular a este estado que tiene mucho porvenir a corto, mediano y largo plazo\u201d, recalc\u00f3 el dirigente.<\/p>\n<p>Un macro proyecto como el Plan Sonora ayuda mucho a presentar las oportunidades para las empresas que buscan formar parte de las grandes cadenas de suministro, como el sector aeroespacial, automotriz, de energ\u00edas renovables o de servicios de transici\u00f3n ecol\u00f3gica, asever\u00f3.<\/p>\n<p>\u201cTodo mundo piensa en M\u00e9xico y luego tal vez Monterrey, es un pa\u00eds muy grande, justamente hay que decir que hay grandes oportunidades fuera de la Ciudad de M\u00e9xico y de Monterrey que siguen siendo muy importantes\u201d, como ser\u00e1 Sonora a futuro.<\/p>\n<p>El potencial de negocios del Plan Sonora<br \/>\nDe las 20 compa\u00f1\u00edas francesas que participaron en la misi\u00f3n comercial, una de ellas se dedica a ayudar a las empresas a hacer su transici\u00f3n ecol\u00f3gica, debido a que todas las empresas deben cumplir con los Objetivos de Desarrollo Sustentable (ODS), indic\u00f3.<\/p>\n<p>\u201cPara darte una idea (del potencial del Plan Sonora) una de las empresas francesas est\u00e1 estimando que si tienen \u00e9xito en su plan, piensan crecer 500 millones de d\u00f3lares en dos a\u00f1os. Es una sola empresa, no conozco el detalle, es mucho dinero privado\u201d, recalc\u00f3, Xavier de Bellefon.<\/p>\n<p>Por otra parte, coment\u00f3 que mucho de este Plan se localiza en zonas dif\u00edciles, y se debe mover al personal que requiere vivienda y otros servicios, por ello hay empresas francesas, muy activas que trabajan en la construcci\u00f3n, y permitir\u00edan que sea posible llevar a los trabajadores a esas \u00e1reas.<\/p>\n<p>\u201cSon ejemplos del gran inter\u00e9s y creo que del gran logro que est\u00e1 detr\u00e1s del Plan Sonora, es concentrar la comunicaci\u00f3n, inversiones, ayudas del gobierno estatal para tener todo alineado y detonar talento, inversiones y m\u00e1s riqueza para la gente que vive ah\u00ed\u201d, concluy\u00f3 el dirigente del CCI France M\u00e9xico.<\/p>\n","protected":false},"excerpt":{"rendered":"<p>Monterrey, NL. El Plan Sonora de Energ\u00eda Sostenible, respaldado por el gobierno federal y estatal, tiene como objetivo impulsar el desarrollo de la regi\u00f3n, capitalizando oportunidades como la extracci\u00f3n de litio, la expansi\u00f3n de la energ\u00eda renovable y el crecimiento de sectores clave como la industria de semiconductores y veh\u00edculos el\u00e9ctricos. \u201cVemos que el futuro [&hellip;]<\/p>\n","protected":false},"author":1,"featured_media":32904,"comment_status":"open","ping_status":"closed","sticky":false,"template":"","format":"standard","meta":{"footnotes":""},"categories":[2],"tags":[],"class_list":["post-32902","post","type-post","status-publish","format-standard","has-post-thumbnail","hentry","category-nacional"],"_links":{"self":[{"href":"https:\/\/solidaridadnews.com\/index.php?rest_route=\/wp\/v2\/posts\/32902","targetHints":{"allow":["GET"]}}],"collection":[{"href":"https:\/\/solidaridadnews.com\/index.php?rest_route=\/wp\/v2\/posts"}],"about":[{"href":"https:\/\/solidaridadnews.com\/index.php?rest_route=\/wp\/v2\/types\/post"}],"author":[{"embeddable":true,"href":"https:\/\/solidaridadnews.com\/index.php?rest_route=\/wp\/v2\/users\/1"}],"replies":[{"embeddable":true,"href":"https:\/\/solidaridadnews.com\/index.php?rest_route=%2Fwp%2Fv2%2Fcomments&post=32902"}],"version-history":[{"count":1,"href":"https:\/\/solidaridadnews.com\/index.php?rest_route=\/wp\/v2\/posts\/32902\/revisions"}],"predecessor-version":[{"id":32903,"href":"https:\/\/solidaridadnews.com\/index.php?rest_route=\/wp\/v2\/posts\/32902\/revisions\/32903"}],"wp:featuredmedia":[{"embeddable":true,"href":"https:\/\/solidaridadnews.com\/index.php?rest_route=\/wp\/v2\/media\/32904"}],"wp:attachment":[{"href":"https:\/\/solidaridadnews.com\/index.php?rest_route=%2Fwp%2Fv2%2Fmedia&parent=32902"}],"wp:term":[{"taxonomy":"category","embeddable":true,"href":"https:\/\/solidaridadnews.com\/index.php?rest_route=%2Fwp%2Fv2%2Fcategories&post=32902"},{"taxonomy":"post_tag","embeddable":true,"href":"https:\/\/solidaridadnews.com\/index.php?rest_route=%2Fwp%2Fv2%2Ftags&post=32902"}],"curies":[{"name":"wp","href":"https:\/\/api.w.org\/{rel}","templated":true}]}}