{"id":32896,"date":"2024-04-19T12:52:36","date_gmt":"2024-04-19T17:52:36","guid":{"rendered":"https:\/\/solidaridadnews.com\/?p=32896"},"modified":"2024-04-19T17:52:37","modified_gmt":"2024-04-19T17:52:37","slug":"ya-hay-fecha-novia-de-jose-eduardo-revela-cuando-podria-nacer-su-bebe","status":"publish","type":"post","link":"https:\/\/solidaridadnews.com\/?p=32896","title":{"rendered":"\u00a1Ya hay fecha! Novia de Jos\u00e9 Eduardo revela cu\u00e1ndo podr\u00eda nacer su beb\u00e9"},"content":{"rendered":"<p>Paola Dalay revel\u00f3 cu\u00e1ndo podr\u00eda llegar la primera hija de Jos\u00e9 Eduardo Derbez. A trav\u00e9s de su cuenta oficial de Instagram, la joven comparti\u00f3 un video en donde confes\u00f3 que ya est\u00e1 a \u201cnada\u201d de convertirse en mam\u00e1, pues espera dar a luz en julio.<\/p>\n<p>\u201cYa estamos a nada, qu\u00e9 nervios\u201d, escribi\u00f3 la novia de Jos\u00e9 Eduardo Derbez<\/p>\n<p>En la grabaci\u00f3n se nota el embarazo de la joven, quien, junto a Jos\u00e9 Eduardo Derbez, convertir\u00e1 en abuela, por primera vez, a la actriz Victoria Ruffo.<\/p>\n<p>Como era de esperarse, Paola Dalay recibi\u00f3 varias muestras de cari\u00f1o de famosas como Ana Mart\u00edn y Cassandra Sanchez-Navarro, as\u00ed como de varios seguidores, quienes le desearon un exitoso fin de embarazo.<\/p>\n<p>\u201cYa urge que llegue la princesa\u201d, \u201cT\u00fa, relajada. Ser\u00e1 una aventura espectacular\u201d, \u201cMuy bonita, Pao\u201d, \u201cEsa princesa tan esperada\u201d, \u201cYa casi. Los m\u00e1s bellos\u201d, \u201cVa a salir todo perfecto. Ya queremos conocer a Tessa\u201d, son parte de los comentarios que se pueden leer en la publicaci\u00f3n.<\/p>\n<p>As\u00ed ha mostrado su embarazo junto a Jos\u00e9 Eduardo Derbez<br \/>\nAunque esta imagen con la que anunci\u00f3 la posible fecha del nacimiento de Tessa, como se llamar\u00e1 la peque\u00f1a, no es la \u00fanica postal que ha regalado. La joven, que es activa en redes sociales, ha mostrado algunas fotos y videos.<\/p>\n<p>Adem\u00e1s, la joven no ha perdido oportunidad para presumir tambi\u00e9n la incre\u00edble figura que tiene y muestra postales en bellos bikinis.<\/p>\n<p>Entre las im\u00e1genes que muestra la novia de Jos\u00e9 Eduardo Derbez tambi\u00e9n destacan algunas con las que decidi\u00f3 mostrar a sus fans el lujoso baby shower que Victoria Ruffo les organiz\u00f3.<\/p>\n<p>Fue el pasado 26 de enero cuando Jos\u00e9 Eduardo Derbez comparti\u00f3 que se convertir\u00eda en pap\u00e1 junto a su novia Paola Dalay. Con un video, el hijo de Eugenio Derbez y Victoria Ruffo dio la noticia.<\/p>\n<p>Adem\u00e1s, el actor y conductor tambi\u00e9n mostr\u00f3 c\u00f3mo reaccionaron los famosos abuelos de su peque\u00f1a hija.<\/p>\n","protected":false},"excerpt":{"rendered":"<p>Paola Dalay revel\u00f3 cu\u00e1ndo podr\u00eda llegar la primera hija de Jos\u00e9 Eduardo Derbez. A trav\u00e9s de su cuenta oficial de Instagram, la joven comparti\u00f3 un video en donde confes\u00f3 que ya est\u00e1 a \u201cnada\u201d de convertirse en mam\u00e1, pues espera dar a luz en julio. \u201cYa estamos a nada, qu\u00e9 nervios\u201d, escribi\u00f3 la novia de [&hellip;]<\/p>\n","protected":false},"author":1,"featured_media":32898,"comment_status":"open","ping_status":"closed","sticky":false,"template":"","format":"standard","meta":{"footnotes":""},"categories":[3],"tags":[],"class_list":["post-32896","post","type-post","status-publish","format-standard","has-post-thumbnail","hentry","category-espectaculos"],"_links":{"self":[{"href":"https:\/\/solidaridadnews.com\/index.php?rest_route=\/wp\/v2\/posts\/32896","targetHints":{"allow":["GET"]}}],"collection":[{"href":"https:\/\/solidaridadnews.com\/index.php?rest_route=\/wp\/v2\/posts"}],"about":[{"href":"https:\/\/solidaridadnews.com\/index.php?rest_route=\/wp\/v2\/types\/post"}],"author":[{"embeddable":true,"href":"https:\/\/solidaridadnews.com\/index.php?rest_route=\/wp\/v2\/users\/1"}],"replies":[{"embeddable":true,"href":"https:\/\/solidaridadnews.com\/index.php?rest_route=%2Fwp%2Fv2%2Fcomments&post=32896"}],"version-history":[{"count":1,"href":"https:\/\/solidaridadnews.com\/index.php?rest_route=\/wp\/v2\/posts\/32896\/revisions"}],"predecessor-version":[{"id":32897,"href":"https:\/\/solidaridadnews.com\/index.php?rest_route=\/wp\/v2\/posts\/32896\/revisions\/32897"}],"wp:featuredmedia":[{"embeddable":true,"href":"https:\/\/solidaridadnews.com\/index.php?rest_route=\/wp\/v2\/media\/32898"}],"wp:attachment":[{"href":"https:\/\/solidaridadnews.com\/index.php?rest_route=%2Fwp%2Fv2%2Fmedia&parent=32896"}],"wp:term":[{"taxonomy":"category","embeddable":true,"href":"https:\/\/solidaridadnews.com\/index.php?rest_route=%2Fwp%2Fv2%2Fcategories&post=32896"},{"taxonomy":"post_tag","embeddable":true,"href":"https:\/\/solidaridadnews.com\/index.php?rest_route=%2Fwp%2Fv2%2Ftags&post=32896"}],"curies":[{"name":"wp","href":"https:\/\/api.w.org\/{rel}","templated":true}]}}