{"id":32893,"date":"2024-04-19T12:42:00","date_gmt":"2024-04-19T17:42:00","guid":{"rendered":"https:\/\/solidaridadnews.com\/?p=32893"},"modified":"2024-04-19T17:42:01","modified_gmt":"2024-04-19T17:42:01","slug":"alemania-renueva-a-julian-nagelsmann-y-firma-hasta-mundial-del-2026","status":"publish","type":"post","link":"https:\/\/solidaridadnews.com\/?p=32893","title":{"rendered":"Alemania renueva a Julian Nagelsmann y firma hasta Mundial del 2026"},"content":{"rendered":"<p>Este viernes la Federaci\u00f3n Alemana de Futbol (DFB) dio a conocer a trav\u00e9s de un comunicado difundido en sus redes sociales, que el entrenador alem\u00e1n Julian Nagelsmann firm\u00f3 una extensi\u00f3n de contrato que lo vincula al conjunto nacional hasta el 2026.<\/p>\n<p>El comunicado menciona que tras los buenos resultados obtenidos en el \u00faltimo a\u00f1o y de cara a la Eurocopa a disputarse este mismo verano, Nagelsmann asegur\u00f3 ser el DT de Alemania para la Copa del Mundo que se disputar\u00e1 en M\u00e9xico, Estados Unidos y Canad\u00e1.<\/p>\n<p>\u201cEs un gran honor poder entrenar al equipo nacional y trabajar con los mejores jugadores del pa\u00eds. Con actuaciones exitosas y apasionadas tenemos la oportunidad de inspirar a todo un pa\u00eds. Las dos victorias contra Francia y Holanda en marzo me conmovieron mucho. Queremos jugar juntos una Eurocopa exitosa en casa y tengo muchas ganas de afrontar el desaf\u00edo de un Mundial junto con mi equipo t\u00e9cnico\u201d, declar\u00f3 Nagelsmann.<\/p>\n<p>De igual forma, el presidente de la DFB se\u00f1al\u00f3 que varios clubes estuvieron interesados en firmar al estratega alem\u00e1n, pero este rechaz\u00f3 por completo a los grandes clubes de Europa pues la Selecci\u00f3n es m\u00e1s que un simple equipo para Nagelsmann y su renovaci\u00f3n es un paso importante en la planificaci\u00f3n del futuro del combinado nacional.<\/p>\n<p>Est\u00e1 en la lista de deseos de muchos grandes clubes de toda Europa (Nagelsmann), pero la selecci\u00f3n nacional para Julian Nagelsmann es m\u00e1s que un simple trabajo, es un asunto muy importante para \u00e9l. Ahora hay seguridad en la planificaci\u00f3n y todos pueden concentrarse por completo en una actuaci\u00f3n exitosa en el Campeonato de Europa\u201d, concluy\u00f3 Bernd Neuendorf.<\/p>\n<p>&nbsp;<\/p>\n","protected":false},"excerpt":{"rendered":"<p>Este viernes la Federaci\u00f3n Alemana de Futbol (DFB) dio a conocer a trav\u00e9s de un comunicado difundido en sus redes sociales, que el entrenador alem\u00e1n Julian Nagelsmann firm\u00f3 una extensi\u00f3n de contrato que lo vincula al conjunto nacional hasta el 2026. El comunicado menciona que tras los buenos resultados obtenidos en el \u00faltimo a\u00f1o y [&hellip;]<\/p>\n","protected":false},"author":1,"featured_media":32895,"comment_status":"open","ping_status":"closed","sticky":false,"template":"","format":"standard","meta":{"footnotes":""},"categories":[6],"tags":[],"class_list":["post-32893","post","type-post","status-publish","format-standard","has-post-thumbnail","hentry","category-deportes"],"_links":{"self":[{"href":"https:\/\/solidaridadnews.com\/index.php?rest_route=\/wp\/v2\/posts\/32893","targetHints":{"allow":["GET"]}}],"collection":[{"href":"https:\/\/solidaridadnews.com\/index.php?rest_route=\/wp\/v2\/posts"}],"about":[{"href":"https:\/\/solidaridadnews.com\/index.php?rest_route=\/wp\/v2\/types\/post"}],"author":[{"embeddable":true,"href":"https:\/\/solidaridadnews.com\/index.php?rest_route=\/wp\/v2\/users\/1"}],"replies":[{"embeddable":true,"href":"https:\/\/solidaridadnews.com\/index.php?rest_route=%2Fwp%2Fv2%2Fcomments&post=32893"}],"version-history":[{"count":1,"href":"https:\/\/solidaridadnews.com\/index.php?rest_route=\/wp\/v2\/posts\/32893\/revisions"}],"predecessor-version":[{"id":32894,"href":"https:\/\/solidaridadnews.com\/index.php?rest_route=\/wp\/v2\/posts\/32893\/revisions\/32894"}],"wp:featuredmedia":[{"embeddable":true,"href":"https:\/\/solidaridadnews.com\/index.php?rest_route=\/wp\/v2\/media\/32895"}],"wp:attachment":[{"href":"https:\/\/solidaridadnews.com\/index.php?rest_route=%2Fwp%2Fv2%2Fmedia&parent=32893"}],"wp:term":[{"taxonomy":"category","embeddable":true,"href":"https:\/\/solidaridadnews.com\/index.php?rest_route=%2Fwp%2Fv2%2Fcategories&post=32893"},{"taxonomy":"post_tag","embeddable":true,"href":"https:\/\/solidaridadnews.com\/index.php?rest_route=%2Fwp%2Fv2%2Ftags&post=32893"}],"curies":[{"name":"wp","href":"https:\/\/api.w.org\/{rel}","templated":true}]}}