{"id":32887,"date":"2024-04-18T11:09:40","date_gmt":"2024-04-18T16:09:40","guid":{"rendered":"https:\/\/solidaridadnews.com\/?p=32887"},"modified":"2024-04-18T16:09:41","modified_gmt":"2024-04-18T16:09:41","slug":"intensa-temporada-de-incendios-forestales","status":"publish","type":"post","link":"https:\/\/solidaridadnews.com\/?p=32887","title":{"rendered":"Intensa temporada de incendios forestales"},"content":{"rendered":"<p>A comparaci\u00f3n del 2023, esta Temporada de Incendios 2024, ha resultado mucho m\u00e1s intensa en Solidaridad, as\u00ed lo se\u00f1al\u00f3 el secretario de Protecci\u00f3n Civil en Solidaridad, Jorge V\u00e1zquez Oropeza.<\/p>\n<p>\u201cSe han incrementado bastante los incendios durante este 2024, a comparaci\u00f3n de hace un a\u00f1o, lamentablemente son incendios provocados, ya que la mayor\u00eda de estos siniestros son quemas sin permiso en terrenos enmontados que se salen de control, explic\u00f3.<\/p>\n<p>Recomend\u00f3 m\u00e1s responsabilidad a la ciudadan\u00eda, pues los Bomberos han combatido incluso hasta tres siniestros que se han registrado de manera simult\u00e1nea en tan solo un d\u00eda, al igual que bastantes incendios de maleza que se han atendido en la mancha urbana.<\/p>\n","protected":false},"excerpt":{"rendered":"<p>A comparaci\u00f3n del 2023, esta Temporada de Incendios 2024, ha resultado mucho m\u00e1s intensa en Solidaridad, as\u00ed lo se\u00f1al\u00f3 el secretario de Protecci\u00f3n Civil en Solidaridad, Jorge V\u00e1zquez Oropeza. \u201cSe han incrementado bastante los incendios durante este 2024, a comparaci\u00f3n de hace un a\u00f1o, lamentablemente son incendios provocados, ya que la mayor\u00eda de estos siniestros [&hellip;]<\/p>\n","protected":false},"author":1,"featured_media":32889,"comment_status":"open","ping_status":"closed","sticky":false,"template":"","format":"standard","meta":{"footnotes":""},"categories":[4],"tags":[],"class_list":["post-32887","post","type-post","status-publish","format-standard","has-post-thumbnail","hentry","category-local"],"_links":{"self":[{"href":"https:\/\/solidaridadnews.com\/index.php?rest_route=\/wp\/v2\/posts\/32887","targetHints":{"allow":["GET"]}}],"collection":[{"href":"https:\/\/solidaridadnews.com\/index.php?rest_route=\/wp\/v2\/posts"}],"about":[{"href":"https:\/\/solidaridadnews.com\/index.php?rest_route=\/wp\/v2\/types\/post"}],"author":[{"embeddable":true,"href":"https:\/\/solidaridadnews.com\/index.php?rest_route=\/wp\/v2\/users\/1"}],"replies":[{"embeddable":true,"href":"https:\/\/solidaridadnews.com\/index.php?rest_route=%2Fwp%2Fv2%2Fcomments&post=32887"}],"version-history":[{"count":1,"href":"https:\/\/solidaridadnews.com\/index.php?rest_route=\/wp\/v2\/posts\/32887\/revisions"}],"predecessor-version":[{"id":32888,"href":"https:\/\/solidaridadnews.com\/index.php?rest_route=\/wp\/v2\/posts\/32887\/revisions\/32888"}],"wp:featuredmedia":[{"embeddable":true,"href":"https:\/\/solidaridadnews.com\/index.php?rest_route=\/wp\/v2\/media\/32889"}],"wp:attachment":[{"href":"https:\/\/solidaridadnews.com\/index.php?rest_route=%2Fwp%2Fv2%2Fmedia&parent=32887"}],"wp:term":[{"taxonomy":"category","embeddable":true,"href":"https:\/\/solidaridadnews.com\/index.php?rest_route=%2Fwp%2Fv2%2Fcategories&post=32887"},{"taxonomy":"post_tag","embeddable":true,"href":"https:\/\/solidaridadnews.com\/index.php?rest_route=%2Fwp%2Fv2%2Ftags&post=32887"}],"curies":[{"name":"wp","href":"https:\/\/api.w.org\/{rel}","templated":true}]}}