{"id":32866,"date":"2024-04-17T10:54:45","date_gmt":"2024-04-17T15:54:45","guid":{"rendered":"https:\/\/solidaridadnews.com\/?p=32866"},"modified":"2024-04-17T15:54:46","modified_gmt":"2024-04-17T15:54:46","slug":"juez-recomienda-anular-la-condena-de-muerte-contra-una-madre-latina-sentenciada-en-texas","status":"publish","type":"post","link":"https:\/\/solidaridadnews.com\/?p=32866","title":{"rendered":"Juez recomienda anular la condena de muerte contra una madre latina sentenciada en Texas"},"content":{"rendered":"<p>Un juez de Texas recomend\u00f3 que se anule la sentencia a muerte contra la latina Melissa Lucio, tras concluir que la Fiscal\u00eda no comparti\u00f3 pruebas clave que contribu\u00edan a su defensa por la muerte su hija de dos a\u00f1os en 2007, informaron medios.<\/p>\n<p>Arturo Nelson, el juez que presidi\u00f3 el juicio contra la madre latina en 2008, emiti\u00f3 la recomendaci\u00f3n el viernes pasado despu\u00e9s de que la Fiscal\u00eda del condado de Cameron aceptara que retuvo pruebas a favor de Lucio, sentenciada por golpear y torturar hasta la muerte a su hija Mariah Elizabeth \u00c1lvarez, la menor de sus 14 hijos.<\/p>\n<p>La polic\u00eda encontr\u00f3 a la ni\u00f1a inconsciente, con moretones y un brazo roto cuando respondi\u00f3 a un llamado de emergencia el 17 de febrero de 2007. La menor fue trasladada a un hospital, donde fue declarada muerta.<\/p>\n<p>La madre hispana le dijo a la polic\u00eda que su hija se cay\u00f3 por las escaleras y que eso le caus\u00f3 la muerte. Sin embargo, la fiscal\u00eda no crey\u00f3 la versi\u00f3n, la acus\u00f3 y busc\u00f3 la condena a muerte.<\/p>\n<p>Ahora se conoce que los testimonios de cinco de los hijos de Lucio, que aseguraron que su madre no abus\u00f3 de ellos ni de Mariah, no fueron compartidos con la defensa.<\/p>\n<p>Uno de los hijos le dijo a un investigador de los Servicios de Protecci\u00f3n Infantil que vio a la ni\u00f1a caer por las escaleras de su apartamento y corrobor\u00f3 el relato de Lucio sobre las lesiones y el deterioro de la salud de la ni\u00f1a en los d\u00edas posteriores al incidente.<\/p>\n<p>La Fiscal\u00eda y los abogados de Lucio llegaron a un acuerdo, que fue aprobado por el juez Nelson, que indica que \u201cella no habr\u00eda sido condenada a la luz de la evidencia suprimida\u201d, seg\u00fan documentos judiciales citados por la CNN.<\/p>\n<p>La ejecuci\u00f3n de Lucio, la primera latina que enfrentaba la condena capital en Texas, fue suspendida dos d\u00edas antes de la fecha prevista en abril de 2022, despu\u00e9s que varios miembros del jurado que la sentenciaron afirmaron p\u00fablicamente que, de haber conocido todas las pruebas, hubieran dado otro veredicto.<\/p>\n<p>Por su parte, los hijos de Lucio encabezaron la campa\u00f1a \u201cFree Melissa Lucio\u201d, con la que han apoyado de manera incansable a su madre durante a\u00f1os y han llamado la atenci\u00f3n sobre la dura sentencia.<\/p>\n<p>El caso ahora queda en manos de la Corte de Apelaci\u00f3n Criminal de Texas, que determinar\u00e1 si Lucio tendr\u00e1 que enfrentar un nuevo juicio.<\/p>\n","protected":false},"excerpt":{"rendered":"<p>Un juez de Texas recomend\u00f3 que se anule la sentencia a muerte contra la latina Melissa Lucio, tras concluir que la Fiscal\u00eda no comparti\u00f3 pruebas clave que contribu\u00edan a su defensa por la muerte su hija de dos a\u00f1os en 2007, informaron medios. Arturo Nelson, el juez que presidi\u00f3 el juicio contra la madre latina [&hellip;]<\/p>\n","protected":false},"author":1,"featured_media":32868,"comment_status":"open","ping_status":"closed","sticky":false,"template":"","format":"standard","meta":{"footnotes":""},"categories":[9],"tags":[],"class_list":["post-32866","post","type-post","status-publish","format-standard","has-post-thumbnail","hentry","category-internacional"],"_links":{"self":[{"href":"https:\/\/solidaridadnews.com\/index.php?rest_route=\/wp\/v2\/posts\/32866","targetHints":{"allow":["GET"]}}],"collection":[{"href":"https:\/\/solidaridadnews.com\/index.php?rest_route=\/wp\/v2\/posts"}],"about":[{"href":"https:\/\/solidaridadnews.com\/index.php?rest_route=\/wp\/v2\/types\/post"}],"author":[{"embeddable":true,"href":"https:\/\/solidaridadnews.com\/index.php?rest_route=\/wp\/v2\/users\/1"}],"replies":[{"embeddable":true,"href":"https:\/\/solidaridadnews.com\/index.php?rest_route=%2Fwp%2Fv2%2Fcomments&post=32866"}],"version-history":[{"count":1,"href":"https:\/\/solidaridadnews.com\/index.php?rest_route=\/wp\/v2\/posts\/32866\/revisions"}],"predecessor-version":[{"id":32867,"href":"https:\/\/solidaridadnews.com\/index.php?rest_route=\/wp\/v2\/posts\/32866\/revisions\/32867"}],"wp:featuredmedia":[{"embeddable":true,"href":"https:\/\/solidaridadnews.com\/index.php?rest_route=\/wp\/v2\/media\/32868"}],"wp:attachment":[{"href":"https:\/\/solidaridadnews.com\/index.php?rest_route=%2Fwp%2Fv2%2Fmedia&parent=32866"}],"wp:term":[{"taxonomy":"category","embeddable":true,"href":"https:\/\/solidaridadnews.com\/index.php?rest_route=%2Fwp%2Fv2%2Fcategories&post=32866"},{"taxonomy":"post_tag","embeddable":true,"href":"https:\/\/solidaridadnews.com\/index.php?rest_route=%2Fwp%2Fv2%2Ftags&post=32866"}],"curies":[{"name":"wp","href":"https:\/\/api.w.org\/{rel}","templated":true}]}}