{"id":32857,"date":"2024-04-17T09:18:15","date_gmt":"2024-04-17T14:18:15","guid":{"rendered":"https:\/\/solidaridadnews.com\/?p=32857"},"modified":"2024-04-17T14:18:16","modified_gmt":"2024-04-17T14:18:16","slug":"alan-mozo-desea-volver-a-jugar-con-la-seleccion-mexicana-es-lo-maximo-estoy-a-la-orden","status":"publish","type":"post","link":"https:\/\/solidaridadnews.com\/?p=32857","title":{"rendered":"Alan Mozo desea volver a jugar con la Selecci\u00f3n Mexicana: &#8216;Es lo m\u00e1ximo, estoy a la orden"},"content":{"rendered":"<p>Alan Mozo mantiene la esperanza de ser convocado por Jaime Lozano para regresar a la Selecci\u00f3n Mexicana. El lateral de Chivas ha disputado dos partidos, debutando ante Trinidad y Tobago bajo el mando de Gerardo Martino en un amistoso, y tambi\u00e9n particip\u00f3 en la Nations League en 2019.<\/p>\n<p>Sin embargo, Mozo no ha sido considerado en el proceso de Jaime Lozano, pues su rendimiento ha sido cuestionado, especialmente en la faceta defensiva.<\/p>\n<p>En una entrevista con W Radio, Mozo asegur\u00f3 que est\u00e1 dando todo en Chivas para poder ser considerado en el futuro con el Tricolor.<\/p>\n<p>\u00abMi relaci\u00f3n con Jaime Lozano siempre ha sido muy buena. Es alguien a quien admiro much\u00edsimo, no solo como entrenador, tambi\u00e9n como jugador. Creo que coincidimos en muchos puntos de c\u00f3mo vemos el futbol, la vida, y me pone muy feliz que est\u00e9 al mando de la selecci\u00f3n.<\/p>\n<p>\u00abEstoy feliz en Chivas, mi energ\u00eda y enfoque est\u00e1n aqu\u00ed, pero me encantar\u00eda volver a portar la verde de la Selecci\u00f3n. Cuando llegue, llegar\u00e1 el momento, pero mientras tanto, sigo entreg\u00e1ndome como siempre\u00bb.<\/p>\n<p>Durante este Clausura 2024, Alan Mozo ha sido un jugador inmovible en el XI inicial de Fernando Gago, pero en su posici\u00f3n hay &#8216;sobrepoblaci\u00f3n&#8217; en el Tricolor, pues se encuentran Juli\u00e1n Araujo, Jorge S\u00e1nchez, Kevin \u00c1lvarez y, de repente, Erick Aguirre.<\/p>\n","protected":false},"excerpt":{"rendered":"<p>Alan Mozo mantiene la esperanza de ser convocado por Jaime Lozano para regresar a la Selecci\u00f3n Mexicana. El lateral de Chivas ha disputado dos partidos, debutando ante Trinidad y Tobago bajo el mando de Gerardo Martino en un amistoso, y tambi\u00e9n particip\u00f3 en la Nations League en 2019. Sin embargo, Mozo no ha sido considerado [&hellip;]<\/p>\n","protected":false},"author":1,"featured_media":32859,"comment_status":"open","ping_status":"closed","sticky":false,"template":"","format":"standard","meta":{"footnotes":""},"categories":[6],"tags":[],"class_list":["post-32857","post","type-post","status-publish","format-standard","has-post-thumbnail","hentry","category-deportes"],"_links":{"self":[{"href":"https:\/\/solidaridadnews.com\/index.php?rest_route=\/wp\/v2\/posts\/32857","targetHints":{"allow":["GET"]}}],"collection":[{"href":"https:\/\/solidaridadnews.com\/index.php?rest_route=\/wp\/v2\/posts"}],"about":[{"href":"https:\/\/solidaridadnews.com\/index.php?rest_route=\/wp\/v2\/types\/post"}],"author":[{"embeddable":true,"href":"https:\/\/solidaridadnews.com\/index.php?rest_route=\/wp\/v2\/users\/1"}],"replies":[{"embeddable":true,"href":"https:\/\/solidaridadnews.com\/index.php?rest_route=%2Fwp%2Fv2%2Fcomments&post=32857"}],"version-history":[{"count":1,"href":"https:\/\/solidaridadnews.com\/index.php?rest_route=\/wp\/v2\/posts\/32857\/revisions"}],"predecessor-version":[{"id":32858,"href":"https:\/\/solidaridadnews.com\/index.php?rest_route=\/wp\/v2\/posts\/32857\/revisions\/32858"}],"wp:featuredmedia":[{"embeddable":true,"href":"https:\/\/solidaridadnews.com\/index.php?rest_route=\/wp\/v2\/media\/32859"}],"wp:attachment":[{"href":"https:\/\/solidaridadnews.com\/index.php?rest_route=%2Fwp%2Fv2%2Fmedia&parent=32857"}],"wp:term":[{"taxonomy":"category","embeddable":true,"href":"https:\/\/solidaridadnews.com\/index.php?rest_route=%2Fwp%2Fv2%2Fcategories&post=32857"},{"taxonomy":"post_tag","embeddable":true,"href":"https:\/\/solidaridadnews.com\/index.php?rest_route=%2Fwp%2Fv2%2Ftags&post=32857"}],"curies":[{"name":"wp","href":"https:\/\/api.w.org\/{rel}","templated":true}]}}