{"id":32851,"date":"2024-04-16T11:44:29","date_gmt":"2024-04-16T16:44:29","guid":{"rendered":"https:\/\/solidaridadnews.com\/?p=32851"},"modified":"2024-04-16T16:44:30","modified_gmt":"2024-04-16T16:44:30","slug":"bukele-inaugura-modernas-oficinas-de-google-en-el-salvador","status":"publish","type":"post","link":"https:\/\/solidaridadnews.com\/?p=32851","title":{"rendered":"Bukele inaugura modernas oficinas de Google en El Salvador"},"content":{"rendered":"<p>El presidente de El Salvador, Nayib Bukele, inaugur\u00f3 este lunes las nuevas oficinas en ese pa\u00eds centroamericano del gigante estadunidense Google, que trabajar\u00e1 con instituciones p\u00fablicas y privadas para potenciar los negocios y modernizar la educaci\u00f3n y la salud.<\/p>\n<p>\u00abEste d\u00eda, estamos inaugurando las oficinas de Google en El Salvador, digamos la presencia f\u00edsica m\u00e1s importante, o la base de operaciones de Google en El Salvador\u00bb, declar\u00f3 Bukele al presidir el acto de apertura en la capital.<\/p>\n<p>La llegada de Google tiene lugar luego de un acuerdo firmado con el gobierno salvadore\u00f1o en agosto de 2023 para avanzar en la modernizaci\u00f3n del pa\u00eds en las \u00e1reas de gobierno digital, salud y educaci\u00f3n.<\/p>\n<p>Bukele destac\u00f3 que El Salvador ya trabaja con la tecnol\u00f3gica, y cit\u00f3 como ejemplo que \u00abno hay un tan solo ni\u00f1o\u00bb en el pa\u00eds que no tenga un dispositivo con la plataforma de ense\u00f1anza Google Classroom, lo cual \u00abes un gran paso en la digitalizaci\u00f3n y la mejora de la educaci\u00f3n\u00bb.<\/p>\n<p>Impulsar la educaci\u00f3n en el pa\u00eds \u00abno es tan r\u00e1pido\u00bb y requiere de muchos aliados, como es el \u00abcaso de Google, que tiene la tecnolog\u00eda que nosotros necesitamos\u00bb, indic\u00f3.<\/p>\n<p>El mandatario adelant\u00f3 que con el tiempo se desarrollar\u00e1n \u00abnuevas aplicaciones y nuevas tecnolog\u00edas\u00bb para mejorar el sistema de salud p\u00fablica y para la \u00abmodernizaci\u00f3n\u00bb de tr\u00e1mites en instituciones como las aduanas terrestres, mar\u00edtimas y aeroportuarias.<\/p>\n<p>Bukele, que fue reelegido en febrero para un segundo mandato, adelant\u00f3 que en los \u00abprimeros meses\u00bb de su pr\u00f3ximo gobierno, que comienza el 1 de junio, lanzar\u00e1 un sistema de \u00abtelemedicina\u00bb con tecnolog\u00eda de Google.<\/p>\n<p>Tambi\u00e9n figura, entre otros proyectos, la instalaci\u00f3n de \u00abun data center en El Salvador\u00bb, que ser\u00e1 una \u00abinversi\u00f3n millonaria\u00bb de Google, enfatiz\u00f3.<\/p>\n<p>Por su parte el presidente de Google Cloud para Am\u00e9rica Latina, Eduardo L\u00f3pez, asegur\u00f3 que el compromiso con El Salvador es \u00aba largo plazo\u00bb.<\/p>\n<p>\u00abHoy estamos aperturando esta oficina que marca nuestra llegada oficial al pa\u00eds para ser un habilitador activo en tecnolog\u00edas de nube que generen un impacto positivo en el desarrollo econ\u00f3mico y en el crecimiento de oportunidades para la poblaci\u00f3n salvadore\u00f1a\u00bb, asegur\u00f3 L\u00f3pez.<\/p>\n","protected":false},"excerpt":{"rendered":"<p>El presidente de El Salvador, Nayib Bukele, inaugur\u00f3 este lunes las nuevas oficinas en ese pa\u00eds centroamericano del gigante estadunidense Google, que trabajar\u00e1 con instituciones p\u00fablicas y privadas para potenciar los negocios y modernizar la educaci\u00f3n y la salud. \u00abEste d\u00eda, estamos inaugurando las oficinas de Google en El Salvador, digamos la presencia f\u00edsica m\u00e1s [&hellip;]<\/p>\n","protected":false},"author":1,"featured_media":32853,"comment_status":"open","ping_status":"closed","sticky":false,"template":"","format":"standard","meta":{"footnotes":""},"categories":[9],"tags":[],"class_list":["post-32851","post","type-post","status-publish","format-standard","has-post-thumbnail","hentry","category-internacional"],"_links":{"self":[{"href":"https:\/\/solidaridadnews.com\/index.php?rest_route=\/wp\/v2\/posts\/32851","targetHints":{"allow":["GET"]}}],"collection":[{"href":"https:\/\/solidaridadnews.com\/index.php?rest_route=\/wp\/v2\/posts"}],"about":[{"href":"https:\/\/solidaridadnews.com\/index.php?rest_route=\/wp\/v2\/types\/post"}],"author":[{"embeddable":true,"href":"https:\/\/solidaridadnews.com\/index.php?rest_route=\/wp\/v2\/users\/1"}],"replies":[{"embeddable":true,"href":"https:\/\/solidaridadnews.com\/index.php?rest_route=%2Fwp%2Fv2%2Fcomments&post=32851"}],"version-history":[{"count":1,"href":"https:\/\/solidaridadnews.com\/index.php?rest_route=\/wp\/v2\/posts\/32851\/revisions"}],"predecessor-version":[{"id":32852,"href":"https:\/\/solidaridadnews.com\/index.php?rest_route=\/wp\/v2\/posts\/32851\/revisions\/32852"}],"wp:featuredmedia":[{"embeddable":true,"href":"https:\/\/solidaridadnews.com\/index.php?rest_route=\/wp\/v2\/media\/32853"}],"wp:attachment":[{"href":"https:\/\/solidaridadnews.com\/index.php?rest_route=%2Fwp%2Fv2%2Fmedia&parent=32851"}],"wp:term":[{"taxonomy":"category","embeddable":true,"href":"https:\/\/solidaridadnews.com\/index.php?rest_route=%2Fwp%2Fv2%2Fcategories&post=32851"},{"taxonomy":"post_tag","embeddable":true,"href":"https:\/\/solidaridadnews.com\/index.php?rest_route=%2Fwp%2Fv2%2Ftags&post=32851"}],"curies":[{"name":"wp","href":"https:\/\/api.w.org\/{rel}","templated":true}]}}