{"id":32848,"date":"2024-04-16T11:22:03","date_gmt":"2024-04-16T16:22:03","guid":{"rendered":"https:\/\/solidaridadnews.com\/?p=32848"},"modified":"2024-04-16T16:22:04","modified_gmt":"2024-04-16T16:22:04","slug":"en-playa-del-carmen-detienen-a-presunto-extorsionador-de-negocios","status":"publish","type":"post","link":"https:\/\/solidaridadnews.com\/?p=32848","title":{"rendered":"En Playa del Carmen detienen a presunto extorsionador de negocios"},"content":{"rendered":"<p>Un sujeto que fue se\u00f1alado por el posible delito de extorsi\u00f3n, fue detenido por la Polic\u00eda Municipal en la colonia Zazil-Ha de Playa del Carmen.<\/p>\n<p>Lo anterior, tras supuestamente exigir un pago por \u201cderecho piso\u201d en un comercio de la zona.<\/p>\n<p>Cuando patrullaban por la Quinta Avenida Bis, los oficiales de la Polic\u00eda Tur\u00edstica atendieron el llamado de auxilio de un ciudadano.<\/p>\n<p>Esta persona se\u00f1al\u00f3 a Emmanuel \u201cN\u201d, de 29 a\u00f1os de edad, originario de Tlaxcala, como quien momentos antes ingres\u00f3 al comercio en donde labora y con amenazas le exigi\u00f3 un pago a manera de extorsi\u00f3n.<\/p>\n<p>De inmediato, los polic\u00edas le dieron alcance y tras una inspecci\u00f3n le aseguraron una hoja de papel con una amenaza escrita.<\/p>\n<p>Ante ello, Emmanuel \u201cN\u201d fue puesto a disposici\u00f3n de la Fiscal\u00eda General del Estado para las indagatorias correspondientes.<\/p>\n","protected":false},"excerpt":{"rendered":"<p>Un sujeto que fue se\u00f1alado por el posible delito de extorsi\u00f3n, fue detenido por la Polic\u00eda Municipal en la colonia Zazil-Ha de Playa del Carmen. Lo anterior, tras supuestamente exigir un pago por \u201cderecho piso\u201d en un comercio de la zona. Cuando patrullaban por la Quinta Avenida Bis, los oficiales de la Polic\u00eda Tur\u00edstica atendieron [&hellip;]<\/p>\n","protected":false},"author":1,"featured_media":32850,"comment_status":"open","ping_status":"closed","sticky":false,"template":"","format":"standard","meta":{"footnotes":""},"categories":[4],"tags":[],"class_list":["post-32848","post","type-post","status-publish","format-standard","has-post-thumbnail","hentry","category-local"],"_links":{"self":[{"href":"https:\/\/solidaridadnews.com\/index.php?rest_route=\/wp\/v2\/posts\/32848","targetHints":{"allow":["GET"]}}],"collection":[{"href":"https:\/\/solidaridadnews.com\/index.php?rest_route=\/wp\/v2\/posts"}],"about":[{"href":"https:\/\/solidaridadnews.com\/index.php?rest_route=\/wp\/v2\/types\/post"}],"author":[{"embeddable":true,"href":"https:\/\/solidaridadnews.com\/index.php?rest_route=\/wp\/v2\/users\/1"}],"replies":[{"embeddable":true,"href":"https:\/\/solidaridadnews.com\/index.php?rest_route=%2Fwp%2Fv2%2Fcomments&post=32848"}],"version-history":[{"count":1,"href":"https:\/\/solidaridadnews.com\/index.php?rest_route=\/wp\/v2\/posts\/32848\/revisions"}],"predecessor-version":[{"id":32849,"href":"https:\/\/solidaridadnews.com\/index.php?rest_route=\/wp\/v2\/posts\/32848\/revisions\/32849"}],"wp:featuredmedia":[{"embeddable":true,"href":"https:\/\/solidaridadnews.com\/index.php?rest_route=\/wp\/v2\/media\/32850"}],"wp:attachment":[{"href":"https:\/\/solidaridadnews.com\/index.php?rest_route=%2Fwp%2Fv2%2Fmedia&parent=32848"}],"wp:term":[{"taxonomy":"category","embeddable":true,"href":"https:\/\/solidaridadnews.com\/index.php?rest_route=%2Fwp%2Fv2%2Fcategories&post=32848"},{"taxonomy":"post_tag","embeddable":true,"href":"https:\/\/solidaridadnews.com\/index.php?rest_route=%2Fwp%2Fv2%2Ftags&post=32848"}],"curies":[{"name":"wp","href":"https:\/\/api.w.org\/{rel}","templated":true}]}}