{"id":32845,"date":"2024-04-16T11:02:08","date_gmt":"2024-04-16T16:02:08","guid":{"rendered":"https:\/\/solidaridadnews.com\/?p=32845"},"modified":"2024-04-16T16:02:09","modified_gmt":"2024-04-16T16:02:09","slug":"catalina-dominguez-asume-la-presidencia-de-canacope-monterrey","status":"publish","type":"post","link":"https:\/\/solidaridadnews.com\/?p=32845","title":{"rendered":"Catalina Dom\u00ednguez asume la presidencia de Canacope Monterrey"},"content":{"rendered":"<p>Monterrey, NL. Catalina Dom\u00ednguez Estrada, fue elegida como presidenta de la C\u00e1mara Nacional del Comercio en Peque\u00f1o (Canacope) Monterrey para el periodo 2024-2026, que se puede extender a tres a\u00f1os si la Asamblea aprueba su reelecci\u00f3n dentro de dos a\u00f1os.<\/p>\n<p>Dom\u00ednguez Estrada coment\u00f3 que su agenda de trabajo se enfocar\u00e1 en la representaci\u00f3n de las pymes y regular el comercio informal; digitalizaci\u00f3n; programa preventivo y soluciones inmediatas, as\u00ed como academia y centro de capacitaci\u00f3n certificado.<\/p>\n<p>M\u00e9xico se enfrenta a un alto incumplimiento normativo por parte de los negocios, es decir, a una alta tasa de informalidad empresarial.<\/p>\n<p>\u201cEl plan de trabajo del nuevo consejo directivo se enfocar\u00e1 en cuatro ejes: Representaci\u00f3n: Considerando que el 95% de las empresas son Pymes, es preocupante el avance de la iniciativa de la disminuci\u00f3n de jornada laboral ya que elevar\u00e1 sus costos de manera importante\u201d, destac\u00f3.<\/p>\n<p>\u201cEs importante regular el comercio informal. De los trabajadores que se encuentran en este sector, el 54.1% carece de seguridad social; en ese sentido, esta iniciativa afecta principalmente a los negocios formales haciendo m\u00e1s grande la brecha social\u201d.<\/p>\n<p>Por ello invit\u00f3 al Congreso que antes de impulsar esta iniciativa se analice y dialogue con el sector empresarial la posibilidad de un r\u00e9gimen transitorio en beneficio de los peque\u00f1os y medianos negocios.<\/p>\n<p>Un segundo eje ser\u00e1 la digitalizaci\u00f3n: \u201cEstamos iniciando una campa\u00f1a de sensibilizaci\u00f3n para los empresarios sobre la importancia de la digitalizaci\u00f3n. Lanzamos un Diplomado sin costo para capacitarlos sobre este tema e instruirlos sobre el tema de inteligencia artificial sobre todo en asuntos del Servicio de Administraci\u00f3n Tributaria (SAT).<\/p>\n<p>El programa preventivo y de soluciones inmediatas es el tercer eje. \u201cContamos con un Consejo m\u00e1s fuerte y s\u00f3lido ya que se han incorporado especialistas en temas y soluciones que actualmente ata\u00f1en al comercio, los servicios y el turismo.<\/p>\n<p>Estos temas son: Salud, Protecci\u00f3n Civil, Fiscal, Redes Sociales, Inteligencia Artificial, estrategias de auto sustentabilidad, entre otros.<\/p>\n<p>Un cuarto eje es la Academia y Centro de Capacitaci\u00f3n Certificado. \u201cVamos a profesionalizar y certificar cada curso, talleres de oficios y arte mediante el Centro de Entrenamiento y Oficios. Alineando la siguiente etapa ya sea para emprender, para incorporarse a la vida laboral o en un programa espec\u00edfico de terapia ocupacional\u201d, indic\u00f3 la dirigente de Canacope Monterrey.<\/p>\n<p>En 2023, la econom\u00eda mexicana registr\u00f3 un crecimiento del 3.2%, marcando as\u00ed el segundo a\u00f1o consecutivo en el que supera la barrera del 3%. Este aumento representa una moderaci\u00f3n respecto al rebote experimentado posterior a la pandemia.<\/p>\n<p>Canacope renueva su operaci\u00f3n<br \/>\nNuevo Le\u00f3n, dijo, es uno de los cuatro estados m\u00e1s pronunciados en nuestra actividad econ\u00f3mica. \u201cPor lo tanto en Canacope estamos renovando nuestra operaci\u00f3n, estamos en proceso de transformaci\u00f3n digital e integrando nuevos equipos de trabajo y un programa de capacitaci\u00f3n integral para asesorar de manera m\u00e1s eficiente a los empresarios en temas como:<\/p>\n<p>Nearshoring<br \/>\nInteligencia Artificial<br \/>\nUso de plataformas digitales<br \/>\nMarketing digital<br \/>\nCertificaciones para trabajadores de nuestros afiliados<br \/>\nBolsa de trabajo<br \/>\nIncremento de los ingresos tributarios y mejora del marco fiscal<br \/>\nMejorar las condiciones de los trabajadores de nuestros empresarios<br \/>\nMayor participaci\u00f3n en Congresos Internacionales mediante Concanaco<br \/>\nDom\u00ednguez Estrada agradeci\u00f3 tambi\u00e9n que Octavio de la Torre, presidente de Concanaco Servytur la nombr\u00f3 como vicepresidenta regional zona noreste de la Confederaci\u00f3n de C\u00e1maras Nacionales de Comercio, Servicios y Turismo.<\/p>\n","protected":false},"excerpt":{"rendered":"<p>Monterrey, NL. Catalina Dom\u00ednguez Estrada, fue elegida como presidenta de la C\u00e1mara Nacional del Comercio en Peque\u00f1o (Canacope) Monterrey para el periodo 2024-2026, que se puede extender a tres a\u00f1os si la Asamblea aprueba su reelecci\u00f3n dentro de dos a\u00f1os. Dom\u00ednguez Estrada coment\u00f3 que su agenda de trabajo se enfocar\u00e1 en la representaci\u00f3n de las [&hellip;]<\/p>\n","protected":false},"author":1,"featured_media":32847,"comment_status":"open","ping_status":"closed","sticky":false,"template":"","format":"standard","meta":{"footnotes":""},"categories":[2],"tags":[],"class_list":["post-32845","post","type-post","status-publish","format-standard","has-post-thumbnail","hentry","category-nacional"],"_links":{"self":[{"href":"https:\/\/solidaridadnews.com\/index.php?rest_route=\/wp\/v2\/posts\/32845","targetHints":{"allow":["GET"]}}],"collection":[{"href":"https:\/\/solidaridadnews.com\/index.php?rest_route=\/wp\/v2\/posts"}],"about":[{"href":"https:\/\/solidaridadnews.com\/index.php?rest_route=\/wp\/v2\/types\/post"}],"author":[{"embeddable":true,"href":"https:\/\/solidaridadnews.com\/index.php?rest_route=\/wp\/v2\/users\/1"}],"replies":[{"embeddable":true,"href":"https:\/\/solidaridadnews.com\/index.php?rest_route=%2Fwp%2Fv2%2Fcomments&post=32845"}],"version-history":[{"count":1,"href":"https:\/\/solidaridadnews.com\/index.php?rest_route=\/wp\/v2\/posts\/32845\/revisions"}],"predecessor-version":[{"id":32846,"href":"https:\/\/solidaridadnews.com\/index.php?rest_route=\/wp\/v2\/posts\/32845\/revisions\/32846"}],"wp:featuredmedia":[{"embeddable":true,"href":"https:\/\/solidaridadnews.com\/index.php?rest_route=\/wp\/v2\/media\/32847"}],"wp:attachment":[{"href":"https:\/\/solidaridadnews.com\/index.php?rest_route=%2Fwp%2Fv2%2Fmedia&parent=32845"}],"wp:term":[{"taxonomy":"category","embeddable":true,"href":"https:\/\/solidaridadnews.com\/index.php?rest_route=%2Fwp%2Fv2%2Fcategories&post=32845"},{"taxonomy":"post_tag","embeddable":true,"href":"https:\/\/solidaridadnews.com\/index.php?rest_route=%2Fwp%2Fv2%2Ftags&post=32845"}],"curies":[{"name":"wp","href":"https:\/\/api.w.org\/{rel}","templated":true}]}}