{"id":32842,"date":"2024-04-16T10:26:34","date_gmt":"2024-04-16T15:26:34","guid":{"rendered":"https:\/\/solidaridadnews.com\/?p=32842"},"modified":"2024-04-16T15:26:36","modified_gmt":"2024-04-16T15:26:36","slug":"danna-revelo-que-se-enamoro-de-una-mujer-en-espana-y-le-dedico-esta-cancion","status":"publish","type":"post","link":"https:\/\/solidaridadnews.com\/?p=32842","title":{"rendered":"Danna revel\u00f3 que se enamor\u00f3 de una mujer en Espa\u00f1a y le dedic\u00f3 esta canci\u00f3n"},"content":{"rendered":"<p>Danna revel\u00f3 en una entrevista en El Podcast de El Momento un detalle personal muy \u00edntimo: el origen de una de las canciones de su nuevo disco y su relaci\u00f3n con una experiencia amorosa en Espa\u00f1a.<\/p>\n<p>La cantante comparti\u00f3 que fue en ese pa\u00eds donde se enamor\u00f3 de una mujer, pero nunca tuvo el coraje de confesarle sus sentimientos. En lugar de ello, decidi\u00f3 expresar su amor a trav\u00e9s de una canci\u00f3n, sin revelar la identidad de la persona.<\/p>\n<p>\u00abEn el disco hay una canci\u00f3n que se llama Plat\u00f3nik que se la escribo a una chica de la cual yo me enamor\u00e9 en Espa\u00f1a. Fue muy fuerte porque nunca se lo dije. Entonces esta es mi carta de amor a mi amor plat\u00f3nico\u00bb, comparti\u00f3 Danna en la entrevista.<\/p>\n<p>La canci\u00f3n PLATONIK ha llamado la atenci\u00f3n de los fans debido a su naturaleza personal y emotiva.<\/p>\n<p>Durante la presentaci\u00f3n del pasado 2 de abril, se proyect\u00f3 un video de Danna escuchando su propia canci\u00f3n mientras sonre\u00eda, lo que gener\u00f3 a\u00fan m\u00e1s especulaciones sobre la inspiraci\u00f3n detr\u00e1s de la letra.<\/p>\n<p>Es inevitable que los fans comiencen a especular sobre la identidad de la mujer mencionada en la canci\u00f3n, y muchos han empezado a sospechar que podr\u00eda ser Ester Exp\u00f3sito, la reconocida actriz espa\u00f1ola con quien Danna trabaj\u00f3 en la serie \u00c9lite.<\/p>\n<p>La relaci\u00f3n entre ambas ha sido objeto de especulaci\u00f3n en repetidas ocasiones, alimentada por la qu\u00edmica en pantalla y los rumores sobre una posible conexi\u00f3n m\u00e1s all\u00e1 de la amistad.<\/p>\n<p>Aunque Danna no ha confirmado p\u00fablicamente si PLATONIK\u00bb est\u00e1 inspirada en Ester Exp\u00f3sito u otra persona, la letra de la canci\u00f3n y los gestos durante la presentaci\u00f3n han avivado la curiosidad de los fans y han generado un nuevo nivel de inter\u00e9s en la vida personal de la talentosa cantante.<\/p>\n<p>&nbsp;<\/p>\n","protected":false},"excerpt":{"rendered":"<p>Danna revel\u00f3 en una entrevista en El Podcast de El Momento un detalle personal muy \u00edntimo: el origen de una de las canciones de su nuevo disco y su relaci\u00f3n con una experiencia amorosa en Espa\u00f1a. La cantante comparti\u00f3 que fue en ese pa\u00eds donde se enamor\u00f3 de una mujer, pero nunca tuvo el coraje [&hellip;]<\/p>\n","protected":false},"author":1,"featured_media":32844,"comment_status":"open","ping_status":"closed","sticky":false,"template":"","format":"standard","meta":{"footnotes":""},"categories":[3],"tags":[],"class_list":["post-32842","post","type-post","status-publish","format-standard","has-post-thumbnail","hentry","category-espectaculos"],"_links":{"self":[{"href":"https:\/\/solidaridadnews.com\/index.php?rest_route=\/wp\/v2\/posts\/32842","targetHints":{"allow":["GET"]}}],"collection":[{"href":"https:\/\/solidaridadnews.com\/index.php?rest_route=\/wp\/v2\/posts"}],"about":[{"href":"https:\/\/solidaridadnews.com\/index.php?rest_route=\/wp\/v2\/types\/post"}],"author":[{"embeddable":true,"href":"https:\/\/solidaridadnews.com\/index.php?rest_route=\/wp\/v2\/users\/1"}],"replies":[{"embeddable":true,"href":"https:\/\/solidaridadnews.com\/index.php?rest_route=%2Fwp%2Fv2%2Fcomments&post=32842"}],"version-history":[{"count":1,"href":"https:\/\/solidaridadnews.com\/index.php?rest_route=\/wp\/v2\/posts\/32842\/revisions"}],"predecessor-version":[{"id":32843,"href":"https:\/\/solidaridadnews.com\/index.php?rest_route=\/wp\/v2\/posts\/32842\/revisions\/32843"}],"wp:featuredmedia":[{"embeddable":true,"href":"https:\/\/solidaridadnews.com\/index.php?rest_route=\/wp\/v2\/media\/32844"}],"wp:attachment":[{"href":"https:\/\/solidaridadnews.com\/index.php?rest_route=%2Fwp%2Fv2%2Fmedia&parent=32842"}],"wp:term":[{"taxonomy":"category","embeddable":true,"href":"https:\/\/solidaridadnews.com\/index.php?rest_route=%2Fwp%2Fv2%2Fcategories&post=32842"},{"taxonomy":"post_tag","embeddable":true,"href":"https:\/\/solidaridadnews.com\/index.php?rest_route=%2Fwp%2Fv2%2Ftags&post=32842"}],"curies":[{"name":"wp","href":"https:\/\/api.w.org\/{rel}","templated":true}]}}