{"id":32830,"date":"2024-04-15T16:49:01","date_gmt":"2024-04-15T21:49:01","guid":{"rendered":"https:\/\/solidaridadnews.com\/?p=32830"},"modified":"2024-04-15T21:49:02","modified_gmt":"2024-04-15T21:49:02","slug":"disenadores-de-quintana-roo-brillan-en-la-pasarela-y-conquistan-en-el-festival-xaman-ha","status":"publish","type":"post","link":"https:\/\/solidaridadnews.com\/?p=32830","title":{"rendered":"Dise\u00f1adores de Quintana Roo brillan en la pasarela y conquistan en el Festival Xaman-H\u00e1"},"content":{"rendered":"<p>El talento de los dise\u00f1adores de Quintana Roo deslumbr\u00f3 en la primera edici\u00f3n del festival Xaman-H\u00e1, con una muestra de moda que dej\u00f3 a todos boquiabiertos descubre c\u00f3mo Alberto Ortiz y Maximiliano Ynterian se destacaron en esta pasarela llena de glamour y estilo. Durante el festival Xaman-H\u00e1, celebrado en un centro de hospedaje en el municipio de Solidaridad, dos dise\u00f1adores Quintanarroenses brillaron con luz propia, cautivando a una audiencia de m\u00e1s de 400 personas con sus creaciones \u00fanicas y espectaculares.<\/p>\n<p>Destacados dise\u00f1adores y sus colecciones<\/p>\n<p>Alberto Ortiz: Alberto Ortiz present\u00f3 una colecci\u00f3n de 11 dise\u00f1os que cautivaron por su alta costura y su vibrante uso del color. Sus vestidos, pensados para diversas ocasiones, resaltaron la feminidad y la elegancia de quien los lleva con sus creaciones, Ortiz demostr\u00f3 su dominio del arte de la moda y su capacidad para sorprender y deleitar al p\u00fablico.<br \/>\nMaximiliano Ynterian: Maximiliano Ynterian sorprendi\u00f3 con una serie de vestidos que son verdaderas obras de arte. Sus creaciones, elaboradas con hermosa pedrer\u00eda fina, son una seria propuesta para aquellos que desean destacar en eventos especiales con su talento y creatividad, Ynterian demostr\u00f3 que la moda puede ser una forma de expresi\u00f3n \u00fanica y fascinante.<\/p>\n<p>Participaci\u00f3n estelar y glamour en la pasarela<\/p>\n<p>El evento cont\u00f3 con la presencia de reconocidas personalidades del mundo del espect\u00e1culo, como Cristian de la Fuente, Marjorie de Sousa, Pedro Moreno y Adriana Fonseca, quien fue la embajadora de esta edici\u00f3n. Todos ellos tuvieron la oportunidad de disfrutar de una velada gastron\u00f3mica de alta cocina, cortes\u00eda de chefs de renombre, en un ambiente lleno de elegancia y sofisticaci\u00f3n.<\/p>\n<p>Pr\u00f3xima edici\u00f3n del festival<\/p>\n<p>El rotundo \u00e9xito de esta primera edici\u00f3n sugiere que el festival Xaman-H\u00e1 tendr\u00e1 una segunda entrega, ofreciendo una nueva oportunidad para que dise\u00f1adores talentosos como Alberto Ortiz y Maximiliano Ynterian contin\u00faen sorprendiendo al mundo con su creatividad y habilidad. Sin duda, este evento se est\u00e1 consolidando como una plataforma importante para la moda mexicana y el talento local de Quintana Roo la pasarela del festival Xaman-H\u00e1 fue mucho m\u00e1s que un desfile de moda; fue un escaparate de talento, creatividad y estilo, donde los dise\u00f1adores quintanarroenses brillaron con luz propia y dejaron una huella imborrable en la industria de la moda mexicana.<\/p>\n","protected":false},"excerpt":{"rendered":"<p>El talento de los dise\u00f1adores de Quintana Roo deslumbr\u00f3 en la primera edici\u00f3n del festival Xaman-H\u00e1, con una muestra de moda que dej\u00f3 a todos boquiabiertos descubre c\u00f3mo Alberto Ortiz y Maximiliano Ynterian se destacaron en esta pasarela llena de glamour y estilo. Durante el festival Xaman-H\u00e1, celebrado en un centro de hospedaje en el [&hellip;]<\/p>\n","protected":false},"author":1,"featured_media":32832,"comment_status":"open","ping_status":"closed","sticky":false,"template":"","format":"standard","meta":{"footnotes":""},"categories":[4],"tags":[],"class_list":["post-32830","post","type-post","status-publish","format-standard","has-post-thumbnail","hentry","category-local"],"_links":{"self":[{"href":"https:\/\/solidaridadnews.com\/index.php?rest_route=\/wp\/v2\/posts\/32830","targetHints":{"allow":["GET"]}}],"collection":[{"href":"https:\/\/solidaridadnews.com\/index.php?rest_route=\/wp\/v2\/posts"}],"about":[{"href":"https:\/\/solidaridadnews.com\/index.php?rest_route=\/wp\/v2\/types\/post"}],"author":[{"embeddable":true,"href":"https:\/\/solidaridadnews.com\/index.php?rest_route=\/wp\/v2\/users\/1"}],"replies":[{"embeddable":true,"href":"https:\/\/solidaridadnews.com\/index.php?rest_route=%2Fwp%2Fv2%2Fcomments&post=32830"}],"version-history":[{"count":1,"href":"https:\/\/solidaridadnews.com\/index.php?rest_route=\/wp\/v2\/posts\/32830\/revisions"}],"predecessor-version":[{"id":32831,"href":"https:\/\/solidaridadnews.com\/index.php?rest_route=\/wp\/v2\/posts\/32830\/revisions\/32831"}],"wp:featuredmedia":[{"embeddable":true,"href":"https:\/\/solidaridadnews.com\/index.php?rest_route=\/wp\/v2\/media\/32832"}],"wp:attachment":[{"href":"https:\/\/solidaridadnews.com\/index.php?rest_route=%2Fwp%2Fv2%2Fmedia&parent=32830"}],"wp:term":[{"taxonomy":"category","embeddable":true,"href":"https:\/\/solidaridadnews.com\/index.php?rest_route=%2Fwp%2Fv2%2Fcategories&post=32830"},{"taxonomy":"post_tag","embeddable":true,"href":"https:\/\/solidaridadnews.com\/index.php?rest_route=%2Fwp%2Fv2%2Ftags&post=32830"}],"curies":[{"name":"wp","href":"https:\/\/api.w.org\/{rel}","templated":true}]}}