{"id":32827,"date":"2024-04-15T12:34:54","date_gmt":"2024-04-15T17:34:54","guid":{"rendered":"https:\/\/solidaridadnews.com\/?p=32827"},"modified":"2024-04-15T17:34:55","modified_gmt":"2024-04-15T17:34:55","slug":"china-espera-que-mexico-y-ecuador-manejen-diferencias-con-apego-a-leyes-internacionales","status":"publish","type":"post","link":"https:\/\/solidaridadnews.com\/?p=32827","title":{"rendered":"China espera que M\u00e9xico y Ecuador manejen diferencias con apego a leyes internacionales"},"content":{"rendered":"<p>El Gobierno de China confi\u00f3 este lunes en que M\u00e9xico y Ecuador manejar\u00e1n sus desavenencias de forma apropiada y de acuerdo con la legislaci\u00f3n internacional, en el marco del enfrentamiento entre los dos pa\u00edses por el asalto policial a la Embajada mexicana en Quito.<\/p>\n<p>China espera que M\u00e9xico y ecuador, como pa\u00edses de la regi\u00f3n de Latinoam\u00e9rica y el Caribe, puedan manejar sus disputas apropiadamente siguiendo el principio del respeto mutuo y con apego a las leyes internacionales y las normas b\u00e1sicas que rigen las relaciones internacionales\u201d, afirm\u00f3 en una rueda de prensa el portavoz del Ministerio de Exteriores Lin Jian.<\/p>\n<p>Esta es la primera vez que el Ejecutivo del China se refiere al incidente ocurrido el pasado 5 de abril y que ha provocado la ruptura de relaciones con Ecuador por parte de M\u00e9xico.<\/p>\n<p>En esa fecha fuerzas ecuatorianas asaltaron la Embajada mexicana en Quito con el fin de sacar de all\u00ed al exvicepresidente Jorge Glas, aliado de Rafael Correa y que se encontraba asilado en la legaci\u00f3n diplom\u00e1tica desde diciembre pasado, a la espera de viajar al pa\u00eds norteamericano.<\/p>\n<p>El asalto motiv\u00f3 la ruptura de relaciones diplom\u00e1ticas por parte de M\u00e9xico, que en diciembre hab\u00eda concedido asilo pol\u00edtico a Glas y ten\u00eda previsto sacarlo de Quito este mismo fin de semana.<\/p>\n<p>El caso de la irrupci\u00f3n en la embajada llev\u00f3 a que M\u00e9xico rompiese relaciones con Ecuador y lo denunciase ante la Corte Internacional de Justicia de La Haya por considerar que fue violado el derecho internacional y su soberan\u00eda, con una condena casi un\u00e1nime de la comunidad internacional al asalto a la misi\u00f3n diplom\u00e1tica.<\/p>\n","protected":false},"excerpt":{"rendered":"<p>El Gobierno de China confi\u00f3 este lunes en que M\u00e9xico y Ecuador manejar\u00e1n sus desavenencias de forma apropiada y de acuerdo con la legislaci\u00f3n internacional, en el marco del enfrentamiento entre los dos pa\u00edses por el asalto policial a la Embajada mexicana en Quito. China espera que M\u00e9xico y ecuador, como pa\u00edses de la regi\u00f3n [&hellip;]<\/p>\n","protected":false},"author":1,"featured_media":32829,"comment_status":"open","ping_status":"closed","sticky":false,"template":"","format":"standard","meta":{"footnotes":""},"categories":[9],"tags":[],"class_list":["post-32827","post","type-post","status-publish","format-standard","has-post-thumbnail","hentry","category-internacional"],"_links":{"self":[{"href":"https:\/\/solidaridadnews.com\/index.php?rest_route=\/wp\/v2\/posts\/32827","targetHints":{"allow":["GET"]}}],"collection":[{"href":"https:\/\/solidaridadnews.com\/index.php?rest_route=\/wp\/v2\/posts"}],"about":[{"href":"https:\/\/solidaridadnews.com\/index.php?rest_route=\/wp\/v2\/types\/post"}],"author":[{"embeddable":true,"href":"https:\/\/solidaridadnews.com\/index.php?rest_route=\/wp\/v2\/users\/1"}],"replies":[{"embeddable":true,"href":"https:\/\/solidaridadnews.com\/index.php?rest_route=%2Fwp%2Fv2%2Fcomments&post=32827"}],"version-history":[{"count":1,"href":"https:\/\/solidaridadnews.com\/index.php?rest_route=\/wp\/v2\/posts\/32827\/revisions"}],"predecessor-version":[{"id":32828,"href":"https:\/\/solidaridadnews.com\/index.php?rest_route=\/wp\/v2\/posts\/32827\/revisions\/32828"}],"wp:featuredmedia":[{"embeddable":true,"href":"https:\/\/solidaridadnews.com\/index.php?rest_route=\/wp\/v2\/media\/32829"}],"wp:attachment":[{"href":"https:\/\/solidaridadnews.com\/index.php?rest_route=%2Fwp%2Fv2%2Fmedia&parent=32827"}],"wp:term":[{"taxonomy":"category","embeddable":true,"href":"https:\/\/solidaridadnews.com\/index.php?rest_route=%2Fwp%2Fv2%2Fcategories&post=32827"},{"taxonomy":"post_tag","embeddable":true,"href":"https:\/\/solidaridadnews.com\/index.php?rest_route=%2Fwp%2Fv2%2Ftags&post=32827"}],"curies":[{"name":"wp","href":"https:\/\/api.w.org\/{rel}","templated":true}]}}