{"id":32806,"date":"2024-04-14T14:28:11","date_gmt":"2024-04-14T19:28:11","guid":{"rendered":"https:\/\/solidaridadnews.com\/?p=32806"},"modified":"2024-04-14T19:28:12","modified_gmt":"2024-04-14T19:28:12","slug":"esto-no-es-suecia-se-lleva-elogios-en-el-festival-de-series-de-cannes-2024","status":"publish","type":"post","link":"https:\/\/solidaridadnews.com\/?p=32806","title":{"rendered":"&#8216;Esto no es Suecia&#8217; se lleva elogios en el Festival de Series de Cannes 2024"},"content":{"rendered":"<p>El filme \u201cEsto no es Suecia\u201d, producido por Marc Clotet, se llev\u00f3 los elogios en el Festival de Series de Cannes 2024, en donde adem\u00e1s consigui\u00f3 el galard\u00f3n a Mejor actriz para Aina Clotet.<\/p>\n<p>La serie creada por Aina Clotet, Valentina Viso y Dani Gonz\u00e1lez a partir de la idea original de Aina Clotet y Sergi Cameron, es la \u00fanica serie espa\u00f1ola que compite esta edici\u00f3n en la Secci\u00f3n Oficial del prestigioso festival, donde fue nominada a \u201cMejor Serie\u201d, \u201cMejor M\u00fasica\u201d y \u201cMejor Guion\u201d.<\/p>\n<p>Con una narrativa fresca y provocadora, \u201cEsto no es Suecia\u201d ha destacado por su originalidad y calidad cinematogr\u00e1fica, convirti\u00e9ndose en un referente en el panorama internacional de las series televisivas.<\/p>\n<p>Marc Clotet de Funicular Films, expres\u00f3: \u201cEstamos encantados de presentar \u2018Esto no es Suecia\u2019 en el prestigioso Festival de Series de Cannes. Es un honor ver c\u00f3mo nuestro trabajo es apreciado y celebrado a nivel global. \u00a1No puedo estar m\u00e1s feliz! por el galard\u00f3n que recibe mi hermana Aina Clotet\u201d.<\/p>\n<p>La serie primera ficci\u00f3n original de RTVE Play, narra en clave de comedia dram\u00e1tica la contradicci\u00f3n en la cual se encuentra una pareja de padres j\u00f3venes a la hora de proteger a sus hijos de los peligros de la vida. Consta de 8 cap\u00edtulos de 40 minutos, rodados en catal\u00e1n, castellano, ingl\u00e9s y sueco.<\/p>\n<p class=\"banner-content-ads\">\n<div id=\"bd16c46dd34b4ab483bc578a3cf558c1\"><\/div>\n<p>&nbsp;<\/p>\n<p>Con un elenco talentoso, protagonizada por Aina Clotet, junto a Marcel Borr\u00e0s, Liv Mj\u00f6nes, Tom\u00e1s del Estal, Ia Langhammer, Nora Navas, Enric Auquer, Mabel Rivera, Nausicaa Bonn\u00edn y la presentaci\u00f3n de Violeta Sanvisens como joven talento, y una direcci\u00f3n magistral de Aina Clotet y Mar Coll, cuenta con la realizaci\u00f3n de Celia Giraldo y Sara Fantova.<\/p>\n<p>&nbsp;<\/p>\n","protected":false},"excerpt":{"rendered":"<p>El filme \u201cEsto no es Suecia\u201d, producido por Marc Clotet, se llev\u00f3 los elogios en el Festival de Series de Cannes 2024, en donde adem\u00e1s consigui\u00f3 el galard\u00f3n a Mejor actriz para Aina Clotet. La serie creada por Aina Clotet, Valentina Viso y Dani Gonz\u00e1lez a partir de la idea original de Aina Clotet y [&hellip;]<\/p>\n","protected":false},"author":1,"featured_media":32808,"comment_status":"open","ping_status":"closed","sticky":false,"template":"","format":"standard","meta":{"footnotes":""},"categories":[3],"tags":[],"class_list":["post-32806","post","type-post","status-publish","format-standard","has-post-thumbnail","hentry","category-espectaculos"],"_links":{"self":[{"href":"https:\/\/solidaridadnews.com\/index.php?rest_route=\/wp\/v2\/posts\/32806","targetHints":{"allow":["GET"]}}],"collection":[{"href":"https:\/\/solidaridadnews.com\/index.php?rest_route=\/wp\/v2\/posts"}],"about":[{"href":"https:\/\/solidaridadnews.com\/index.php?rest_route=\/wp\/v2\/types\/post"}],"author":[{"embeddable":true,"href":"https:\/\/solidaridadnews.com\/index.php?rest_route=\/wp\/v2\/users\/1"}],"replies":[{"embeddable":true,"href":"https:\/\/solidaridadnews.com\/index.php?rest_route=%2Fwp%2Fv2%2Fcomments&post=32806"}],"version-history":[{"count":1,"href":"https:\/\/solidaridadnews.com\/index.php?rest_route=\/wp\/v2\/posts\/32806\/revisions"}],"predecessor-version":[{"id":32807,"href":"https:\/\/solidaridadnews.com\/index.php?rest_route=\/wp\/v2\/posts\/32806\/revisions\/32807"}],"wp:featuredmedia":[{"embeddable":true,"href":"https:\/\/solidaridadnews.com\/index.php?rest_route=\/wp\/v2\/media\/32808"}],"wp:attachment":[{"href":"https:\/\/solidaridadnews.com\/index.php?rest_route=%2Fwp%2Fv2%2Fmedia&parent=32806"}],"wp:term":[{"taxonomy":"category","embeddable":true,"href":"https:\/\/solidaridadnews.com\/index.php?rest_route=%2Fwp%2Fv2%2Fcategories&post=32806"},{"taxonomy":"post_tag","embeddable":true,"href":"https:\/\/solidaridadnews.com\/index.php?rest_route=%2Fwp%2Fv2%2Ftags&post=32806"}],"curies":[{"name":"wp","href":"https:\/\/api.w.org\/{rel}","templated":true}]}}