{"id":32797,"date":"2024-04-13T18:05:22","date_gmt":"2024-04-13T23:05:22","guid":{"rendered":"https:\/\/solidaridadnews.com\/?p=32797"},"modified":"2024-04-13T23:05:23","modified_gmt":"2024-04-13T23:05:23","slug":"en-agosto-estara-listo-el-museo-de-juan-gabriel-en-ciudad-juarez","status":"publish","type":"post","link":"https:\/\/solidaridadnews.com\/?p=32797","title":{"rendered":"En agosto estar\u00e1 listo el museo de Juan Gabriel en Ciudad Ju\u00e1rez"},"content":{"rendered":"<p>El pr\u00f3ximo mes de agosto se inaugurar\u00e1 oficialmente el Museo de Juan Gabriel en Ciudad Ju\u00e1rez, Chihuahua, el cual es un proyecto que no s\u00f3lo beneficiar\u00e1 a los fan\u00e1ticos del cantante, tambi\u00e9n se espera que sea un motor de reactivaci\u00f3n sociocultural y econ\u00f3mico para la comunidad local.<\/p>\n<p>Don Alberto Aguilera (verdadero nombre de Juan Gabriel) ten\u00eda una gran visi\u00f3n. Cuando propuso y defini\u00f3 que el Museo se ubicara en la casa conocida como 16 de septiembre, ve\u00eda el gran potencial y lo que se podr\u00eda hacer. Este proyecto se ha abierto a m\u00e1s participaci\u00f3n tanto a nivel social, como econ\u00f3mico, como tur\u00edstico\u201d, explic\u00f3 el director del Museo de Juan Gabriel, Felipe Rojas.<\/p>\n<p>Coment\u00f3, al platicar con Exc\u00e9lsior, que todav\u00eda no han definido el d\u00eda de la inauguraci\u00f3n, pero sin duda ocurrir\u00e1 en agosto de este a\u00f1o y prev\u00e9n que, una vez funcionando, atraiga a m\u00e1s de mil turistas al mes.<\/p>\n<p>Esto \u00faltimo porque, en los \u00faltimos a\u00f1os, la ciudad ha recibido visitantes de Colombia, Venezuela, Chile, Argentina, Cuba y Per\u00fa que buscan conocer m\u00e1s del \u201cDivo de Ju\u00e1rez\u201d.<\/p>\n<p>Estimamos que tendremos visitantes de toda Centroam\u00e9rica y Estados Unidos\u201d, resalt\u00f3 el tambi\u00e9n arquitecto de este proyecto.<\/p>\n<p>LA EXPERIENCIA<br \/>\nRojas detall\u00f3 que el museo permitir\u00e1 a los fan\u00e1ticos recorrer la casa que fue hogar de Juan Gabriel, admirar algunos objetos y, sobre todo, disfrutar una sala multimedia inmersiva en la que podr\u00e1n experimentar una especie de concierto.<\/p>\n<p>En la sala inmersiva estamos trabajando con material original que el mismo artista dej\u00f3, no estamos realizando hologramas ni material con inteligencia artificial generativa\u201d, precis\u00f3.<\/p>\n<p>Al hablar de la tecnolog\u00eda, a\u00f1adi\u00f3 que desarrollaron una aplicaci\u00f3n para dispositivos m\u00f3viles que tiene funciones de apoyo y complemento dentro del museo y la ciudad, la cual tambi\u00e9n brindar\u00e1 algunas herramientas para los fan\u00e1ticos que est\u00e9n en otras partes de M\u00e9xico o del mundo.<\/p>\n<p>Como el p\u00fablico y los fans de Juan Gabriel son a nivel internacional, a ellos les queremos hacer llegar una parte de lo que ofrece el museo\u201d, reiter\u00f3.<\/p>\n<p>El lugar tambi\u00e9n contar\u00e1 con una oferta gastron\u00f3mica gracias al restaurante \u201cNoa Noa\u201d, una tienda oficial y ser\u00e1 parte del \u201cDistrito Juan Gabriel\u201d, esto \u00faltimo es un esfuerzo de la comunidad local para destacar las partes de la ciudad que fueron importantes para el artista al mismo tiempo que se impulsan los alojamientos, restaurantes y otros servicios.<\/p>\n<p>&nbsp;<\/p>\n<p>&nbsp;<\/p>\n","protected":false},"excerpt":{"rendered":"<p>El pr\u00f3ximo mes de agosto se inaugurar\u00e1 oficialmente el Museo de Juan Gabriel en Ciudad Ju\u00e1rez, Chihuahua, el cual es un proyecto que no s\u00f3lo beneficiar\u00e1 a los fan\u00e1ticos del cantante, tambi\u00e9n se espera que sea un motor de reactivaci\u00f3n sociocultural y econ\u00f3mico para la comunidad local. Don Alberto Aguilera (verdadero nombre de Juan Gabriel) [&hellip;]<\/p>\n","protected":false},"author":1,"featured_media":32799,"comment_status":"open","ping_status":"closed","sticky":false,"template":"","format":"standard","meta":{"footnotes":""},"categories":[2],"tags":[],"class_list":["post-32797","post","type-post","status-publish","format-standard","has-post-thumbnail","hentry","category-nacional"],"_links":{"self":[{"href":"https:\/\/solidaridadnews.com\/index.php?rest_route=\/wp\/v2\/posts\/32797","targetHints":{"allow":["GET"]}}],"collection":[{"href":"https:\/\/solidaridadnews.com\/index.php?rest_route=\/wp\/v2\/posts"}],"about":[{"href":"https:\/\/solidaridadnews.com\/index.php?rest_route=\/wp\/v2\/types\/post"}],"author":[{"embeddable":true,"href":"https:\/\/solidaridadnews.com\/index.php?rest_route=\/wp\/v2\/users\/1"}],"replies":[{"embeddable":true,"href":"https:\/\/solidaridadnews.com\/index.php?rest_route=%2Fwp%2Fv2%2Fcomments&post=32797"}],"version-history":[{"count":1,"href":"https:\/\/solidaridadnews.com\/index.php?rest_route=\/wp\/v2\/posts\/32797\/revisions"}],"predecessor-version":[{"id":32798,"href":"https:\/\/solidaridadnews.com\/index.php?rest_route=\/wp\/v2\/posts\/32797\/revisions\/32798"}],"wp:featuredmedia":[{"embeddable":true,"href":"https:\/\/solidaridadnews.com\/index.php?rest_route=\/wp\/v2\/media\/32799"}],"wp:attachment":[{"href":"https:\/\/solidaridadnews.com\/index.php?rest_route=%2Fwp%2Fv2%2Fmedia&parent=32797"}],"wp:term":[{"taxonomy":"category","embeddable":true,"href":"https:\/\/solidaridadnews.com\/index.php?rest_route=%2Fwp%2Fv2%2Fcategories&post=32797"},{"taxonomy":"post_tag","embeddable":true,"href":"https:\/\/solidaridadnews.com\/index.php?rest_route=%2Fwp%2Fv2%2Ftags&post=32797"}],"curies":[{"name":"wp","href":"https:\/\/api.w.org\/{rel}","templated":true}]}}