{"id":32794,"date":"2024-04-13T17:39:14","date_gmt":"2024-04-13T22:39:14","guid":{"rendered":"https:\/\/solidaridadnews.com\/?p=32794"},"modified":"2024-04-13T22:39:15","modified_gmt":"2024-04-13T22:39:15","slug":"shakira-anuncia-gira-mundial-durante-coachella-2024","status":"publish","type":"post","link":"https:\/\/solidaridadnews.com\/?p=32794","title":{"rendered":"Shakira anuncia gira mundial durante Coachella 2024"},"content":{"rendered":"<p>El pasado viernes Shakira sorprendi\u00f3 a sus fans con una aparici\u00f3n sorpresa en Coachella 2024 en el show de Bizarrap luego de los rumores de que presuntamente la cantante hab\u00eda pedido un horario estelar.<\/p>\n<p>Aunque los rumores ya eran fuertes durante las \u00faltimas horas, luego de que el DJ argentino publicara una historia en Instagram con la colombiana, lo que auguraba su aparici\u00f3n en el festival, pero no s\u00f3lo apareci\u00f3 Shakira, sino que la cantante anunci\u00f3 su pr\u00f3xima gira mundial.<\/p>\n<p>\u00bfCu\u00e1ndo comenzar\u00e1 la gira mundial de Shakira?<br \/>\nLa presentaci\u00f3n de Shakira comenz\u00f3 con \u00abLa Fuerte\u00bb, una de las canciones que incluy\u00f3 en su nuevo \u00e1lbum \u00abLas Mujeres Ya no Lloran\u00bb, esto elev\u00f3 la emoci\u00f3n de sus fans, por lo que la colombiana aprovech\u00f3 para dar el esperado anuncio.<\/p>\n<p>Hoy no me puedo contener, hoy tengo que avisarles algo. Biza, me voy de gira, Biza. \u00a1Me voy de gira por fin! Finalmente nos iremos de gira empezando aqu\u00ed\u00bb<\/p>\n<p>Posteriormente, Shakira comenz\u00f3 a hablar en ingl\u00e9s para anunciar la gira \u00abLas Mujeres Ya no Lloran Wolrd Tour\u00bb y adelant\u00f3 que comenzar\u00e1 en California, Estados Unidos y cu\u00e1ndo ser\u00e1 el esperado inicio:<\/p>\n<p>Empezaremos aqu\u00ed en noviembre, este a\u00f1o, en esta ciudad, no puedo esperar ni podr\u00eda pedir m\u00e1s, \u00a1muchas gracias!\u00bb<\/p>\n<p>Luego del esperado anuncio, la cantante no dio m\u00e1s informaci\u00f3n al respecto, lo cual podr\u00eda anunciar en las pr\u00f3ximas horas o d\u00edas, como los detalles de qu\u00e9 pa\u00edses visitar\u00e1 o si incluir\u00e1 M\u00e9xico.<\/p>\n<p>Para cerrar su participaci\u00f3n junto a Bizarrap en Coachella 2024, Shakira cant\u00f3 \u00abBzrp Music Sessions, Vol. 53)\u00bb en vivo frente a miles de personas, un tema que se ha convertido en su sello personal. Posteriormente, la colombiana agradeci\u00f3 a Bizarrap y baj\u00f3 del escenario.<\/p>\n","protected":false},"excerpt":{"rendered":"<p>El pasado viernes Shakira sorprendi\u00f3 a sus fans con una aparici\u00f3n sorpresa en Coachella 2024 en el show de Bizarrap luego de los rumores de que presuntamente la cantante hab\u00eda pedido un horario estelar. Aunque los rumores ya eran fuertes durante las \u00faltimas horas, luego de que el DJ argentino publicara una historia en Instagram [&hellip;]<\/p>\n","protected":false},"author":1,"featured_media":32796,"comment_status":"open","ping_status":"closed","sticky":false,"template":"","format":"standard","meta":{"footnotes":""},"categories":[3],"tags":[],"class_list":["post-32794","post","type-post","status-publish","format-standard","has-post-thumbnail","hentry","category-espectaculos"],"_links":{"self":[{"href":"https:\/\/solidaridadnews.com\/index.php?rest_route=\/wp\/v2\/posts\/32794","targetHints":{"allow":["GET"]}}],"collection":[{"href":"https:\/\/solidaridadnews.com\/index.php?rest_route=\/wp\/v2\/posts"}],"about":[{"href":"https:\/\/solidaridadnews.com\/index.php?rest_route=\/wp\/v2\/types\/post"}],"author":[{"embeddable":true,"href":"https:\/\/solidaridadnews.com\/index.php?rest_route=\/wp\/v2\/users\/1"}],"replies":[{"embeddable":true,"href":"https:\/\/solidaridadnews.com\/index.php?rest_route=%2Fwp%2Fv2%2Fcomments&post=32794"}],"version-history":[{"count":1,"href":"https:\/\/solidaridadnews.com\/index.php?rest_route=\/wp\/v2\/posts\/32794\/revisions"}],"predecessor-version":[{"id":32795,"href":"https:\/\/solidaridadnews.com\/index.php?rest_route=\/wp\/v2\/posts\/32794\/revisions\/32795"}],"wp:featuredmedia":[{"embeddable":true,"href":"https:\/\/solidaridadnews.com\/index.php?rest_route=\/wp\/v2\/media\/32796"}],"wp:attachment":[{"href":"https:\/\/solidaridadnews.com\/index.php?rest_route=%2Fwp%2Fv2%2Fmedia&parent=32794"}],"wp:term":[{"taxonomy":"category","embeddable":true,"href":"https:\/\/solidaridadnews.com\/index.php?rest_route=%2Fwp%2Fv2%2Fcategories&post=32794"},{"taxonomy":"post_tag","embeddable":true,"href":"https:\/\/solidaridadnews.com\/index.php?rest_route=%2Fwp%2Fv2%2Ftags&post=32794"}],"curies":[{"name":"wp","href":"https:\/\/api.w.org\/{rel}","templated":true}]}}