{"id":32773,"date":"2024-04-12T13:19:39","date_gmt":"2024-04-12T18:19:39","guid":{"rendered":"https:\/\/solidaridadnews.com\/?p=32773"},"modified":"2024-04-12T18:19:41","modified_gmt":"2024-04-12T18:19:41","slug":"danna-estrena-childstar","status":"publish","type":"post","link":"https:\/\/solidaridadnews.com\/?p=32773","title":{"rendered":"Danna estrena &#8216;Childstar&#8217;"},"content":{"rendered":"<p>Danna Paola, ahora solo Danna, acaba de lanzar su nuevo disco Childstar, el cual promete una reinvenci\u00f3n musical por parte de la cantante, a quien anteriormente la hab\u00edamos escuchado m\u00e1s pegada a ritmos pop urbanos, luego del boom del reggaeton en la m\u00fasica.<\/p>\n<p>Para entender lo revolucionario que puede ser esta nueva era de Danna, hay que remontarnos 20 a\u00f1os atr\u00e1s o \u00bfacaso ya olvidamos la iconica frase que dej\u00f3 en La Academia donde presum\u00eda tener m\u00e1s a\u00f1os de carrera que cualquier cantante contempor\u00e1nea?<\/p>\n<p>Childstar, el rompimiento con la ni\u00f1a estrella<br \/>\nEn su momento, Danna Paola fue bastante conocida no por su m\u00fasica, sino por sus ic\u00f3nicas actuaciones o c\u00f3mo olvidar a Mar\u00eda Bel\u00e9n, a Amy, La Ni\u00f1a de la Mochila Azul o a Patito de Atr\u00e9vete a So\u00f1ar. Hasta este momento Danna Paola era una joven famosa salida de Televisa, aunque ya ten\u00eda varios \u00e9xitos como Mundo de Caramelo o Mi Primer D\u00eda Sin Ti, pero seamos sinceros no era m\u00fasica escrita por la actriz.<\/p>\n<p>Pero, \u00bfcu\u00e1l fue el momento en el que Danna nos dio pistas hacia donde iba dirigida esta nueva era? No, no fue con Wicked, no fue con Mala Fama u Oye Pablo, ni mucho menos con su apariciones recurrentes en La Rosa de Guadalupe, sino con su papel en \u00c9lite y sus apariciones en reality shows como La Academia y TopStar, en donde hizo famosas las populares &#8216;whistle notes&#8217;.<\/p>\n<p>Danna Paola<br \/>\n\u00c9lite formo parte de uno de los proyectos m\u00e1s impotentes en la carrera de Danna al interpretar a Lu, una joven ambiciosa, traicionera, cre\u00edda, pero que a la vez era fuerte, determinante, dominante y muy liberal.<\/p>\n<p>Los reality shows nos permitieron ver a una Danna m\u00e1s sincera y directa con sus cr\u00edticas, \u00bfo acaso olvidamos cuando &#8216;no fue culera&#8217; con algunos participantes? Adem\u00e1s de otros momentos relevantes como el que discutiera y pusiera en su lugar a algunos jueces.<\/p>\n<p>Xt4s1s, el primer sencillo de Childstar<br \/>\nEl primer sencillo que present\u00f3 Danna para su nueva era musical fue Xt4s1s, una canci\u00f3n que hace alusi\u00f3n a las drogas, a la fiesta y al sexo&#8230; Tem\u00e1ticas muy diferentes que hab\u00eda manejado en sus canciones anteriores.<\/p>\n<p>Estas mismas tem\u00e1ticas aparecen en el videoclip oficial de la canci\u00f3n, producido por Edgar Esteves, el director de videos musicales de artistas como Nicki Minaj o Ice Spicy.<\/p>\n<p>Otra de las canciones que estren\u00f3 durante su gira Xt4s1s Tour fue la de 1Trago, una canci\u00f3n que se cre\u00eda iba dedicada a un ex amor, debido a la letra; sin embargo, en un en vivo, Danna revel\u00f3 que era para una ex amiga.<\/p>\n<p>En entrevistas, Danna ha hablado sobre el tema de la amistad y ha mencionado que le cuesta trabajo tener amigas debido a las actitudes que pueden tener con ella.<\/p>\n<p>&nbsp;<\/p>\n<p>Tenemos que hablar fue el tercer sencillo que Danna lanz\u00f3 para promocionar su \u00e1lbum, que hasta ese momento todav\u00eda no ten\u00eda nombre.<\/p>\n<p>El video musical, el cual dura m\u00e1s de 5 minutos y que tambi\u00e9n fue dirigido por Edgar Esteves, hace alusi\u00f3n a las decisiones que la cantante tuvo que tomar en los \u00faltimos a\u00f1os con respecto a su carrera musical.<\/p>\n<p>El \u00faltimo sencillo en ser lanzado antes de mostrar todo lo que vendr\u00eda en Childstar fue la canci\u00f3n A\u00fan te quiero, la cual explic\u00f3 que era para un ex amor.<\/p>\n<p>En el video musical fue dirigido por Danna Paola y Ada Odreman, quien tambi\u00e9n ha colaborado con artistas de la talla de Alvaro Soler.<\/p>\n<p>\u00ab\u00a1No puedo creer que este momento lleg\u00f3, es muy fuerte! Con esta canci\u00f3n, cierra mi \u00e1lbum y cauteriza las heridas de todo el viaje que ha sido mi oscuridad. Es empoderamiento, amor propio y muchos l\u00edmites sanos\u00bb, comparti\u00f3 Danna Paola en sus redes.<\/p>\n<p>En una entrevista para la revista Rolling Stone, Danna comparti\u00f3 detalles sobre el proceso de creaci\u00f3n de su \u00e1lbum, destacando la atm\u00f3sfera familiar y cercana en la que se llev\u00f3 a cabo. Junto a Alex Hoyer, quien adem\u00e1s de ser su pareja es productor, comenzaron a explorar diversas influencias y referencias, tanto musicales como cinematogr\u00e1ficas, mientras disfrutaban de momentos de convivencia y comida en familia.<\/p>\n<p>La inspiraci\u00f3n para el material proviene, en parte, del trabajo del reconocido compositor John Carpenter, especialmente su \u00e1lbum Life After Dead. Danna revela su pasi\u00f3n por el cine y los soundtracks, as\u00ed como por el dise\u00f1o sonoro, y c\u00f3mo esta influencia se fusion\u00f3 con las ideas de Manu Lara, otro productor del \u00e1lbum.<\/p>\n<p>Juntos, exploraron una amplia gama de referencias y sonidos, transformando canciones existentes y creando nuevas composiciones.<\/p>\n<p>El uso de sintetizadores fue una parte fundamental del proceso creativo para Danna, quien se sumergi\u00f3 en la exploraci\u00f3n de sonidos y texturas. Adquiri\u00f3 un sintetizador Jupiter, del cual se enamor\u00f3, y descubri\u00f3 una nueva forma de expresi\u00f3n musical. Reconoce que su enfoque en el sintetizador y el piano es autodidacta, enfoc\u00e1ndose en la b\u00fasqueda de sonidos y la creaci\u00f3n de atm\u00f3sferas.<\/p>\n<p>A medida que el \u00e1lbum tomaba forma, Danna y su equipo enfrentaron el desaf\u00edo de equilibrar la oscuridad con la fantas\u00eda y lo pop. Aunque inicialmente el tono del \u00e1lbum tend\u00eda hacia lo oscuro, lograron enderezar el rumbo para mantener la esencia del proyecto sin perder su esencia luminosa y fant\u00e1stica.<\/p>\n<p>El resultado final es una combinaci\u00f3n de g\u00e9neros que incluyen R&amp;B, synth pop, house, electropop y folk, que reflejan la diversidad de influencias y experiencias de Danna en todo el proceso creativo.<\/p>\n<p>Lista de canciones de Childstar de Danna Paola<br \/>\nLuego de una exitosa presentaci\u00f3n en el Pa&#8217;l Norte 2024, Danna Paola revel\u00f3 c\u00f3mo se llamar\u00e1n sus nuevas canciones, si bien algunas ya hab\u00edan sido lanzadas, la cantante comparti\u00f3 con sus fans el tracklist de Childstar.<\/p>\n<p>The Fall<br \/>\nBlackout<br \/>\nXT4S1S<br \/>\nAtari<br \/>\n222<br \/>\nPlatonik<br \/>\nVTR3<br \/>\n1 Trago<br \/>\nAmor \u00c1cido<br \/>\nTenemos Que Hablar<br \/>\nA\u00fan Te Quiero<br \/>\nAmanecer<br \/>\nVTR3 pero en colaboraci\u00f3n con el DJ Steve Aoki<br \/>\n\u00ab13 tracks, tres noches, un fin de semana y la libertad de poder expresarme como soy, esto es CHILDSTAR see you APRIL 11\u00bb<\/p>\n","protected":false},"excerpt":{"rendered":"<p>Danna Paola, ahora solo Danna, acaba de lanzar su nuevo disco Childstar, el cual promete una reinvenci\u00f3n musical por parte de la cantante, a quien anteriormente la hab\u00edamos escuchado m\u00e1s pegada a ritmos pop urbanos, luego del boom del reggaeton en la m\u00fasica. Para entender lo revolucionario que puede ser esta nueva era de Danna, [&hellip;]<\/p>\n","protected":false},"author":1,"featured_media":32775,"comment_status":"open","ping_status":"closed","sticky":false,"template":"","format":"standard","meta":{"footnotes":""},"categories":[3],"tags":[],"class_list":["post-32773","post","type-post","status-publish","format-standard","has-post-thumbnail","hentry","category-espectaculos"],"_links":{"self":[{"href":"https:\/\/solidaridadnews.com\/index.php?rest_route=\/wp\/v2\/posts\/32773","targetHints":{"allow":["GET"]}}],"collection":[{"href":"https:\/\/solidaridadnews.com\/index.php?rest_route=\/wp\/v2\/posts"}],"about":[{"href":"https:\/\/solidaridadnews.com\/index.php?rest_route=\/wp\/v2\/types\/post"}],"author":[{"embeddable":true,"href":"https:\/\/solidaridadnews.com\/index.php?rest_route=\/wp\/v2\/users\/1"}],"replies":[{"embeddable":true,"href":"https:\/\/solidaridadnews.com\/index.php?rest_route=%2Fwp%2Fv2%2Fcomments&post=32773"}],"version-history":[{"count":1,"href":"https:\/\/solidaridadnews.com\/index.php?rest_route=\/wp\/v2\/posts\/32773\/revisions"}],"predecessor-version":[{"id":32774,"href":"https:\/\/solidaridadnews.com\/index.php?rest_route=\/wp\/v2\/posts\/32773\/revisions\/32774"}],"wp:featuredmedia":[{"embeddable":true,"href":"https:\/\/solidaridadnews.com\/index.php?rest_route=\/wp\/v2\/media\/32775"}],"wp:attachment":[{"href":"https:\/\/solidaridadnews.com\/index.php?rest_route=%2Fwp%2Fv2%2Fmedia&parent=32773"}],"wp:term":[{"taxonomy":"category","embeddable":true,"href":"https:\/\/solidaridadnews.com\/index.php?rest_route=%2Fwp%2Fv2%2Fcategories&post=32773"},{"taxonomy":"post_tag","embeddable":true,"href":"https:\/\/solidaridadnews.com\/index.php?rest_route=%2Fwp%2Fv2%2Ftags&post=32773"}],"curies":[{"name":"wp","href":"https:\/\/api.w.org\/{rel}","templated":true}]}}