{"id":32748,"date":"2024-04-11T09:54:15","date_gmt":"2024-04-11T14:54:15","guid":{"rendered":"https:\/\/solidaridadnews.com\/?p=32748"},"modified":"2024-04-11T14:54:16","modified_gmt":"2024-04-11T14:54:16","slug":"el-cuarteto-arditti-celebra-medio-siglo-de-revolucion-sonora","status":"publish","type":"post","link":"https:\/\/solidaridadnews.com\/?p=32748","title":{"rendered":"El Cuarteto Arditti celebra medio siglo de revoluci\u00f3n sonora"},"content":{"rendered":"<p>El reconocido Cuarteto Arditti, fundado y dirigido por el violinista brit\u00e1nico Irvine Arditti, celebrar\u00e1 su 50 aniversario en la Ciudad de M\u00e9xico con dos programas en el Teatro Esperanza Iris, el 22 de junio, y con la Orquesta Filarm\u00f3nica de la Ciudad de M\u00e9xico (OFCM), en el Centro Cultural Ollin Yoliztli, el 29 y el 30 de junio.<\/p>\n<p>El primero ser\u00e1 un marat\u00f3n de m\u00fasica contempor\u00e1nea, en el que el ensamble de cuerdas interpretar\u00e1 el Cuarteto No. 5, Shesha, de Akira Nisuimura; Memorial (a Mario Lavista), de Ana Lara; Hacia una bit\u00e1cora capilar, de Hilda Paredes; Tetras, de Iannis Xenakis; Grido, de Helmut Lachenmann, y Everything is important, de Jenny Walshe.<\/p>\n<p>De \u00e9sta \u00faltima se destac\u00f3 que tiene una duraci\u00f3n de 40 minutos de m\u00fasica; mientras Walshe recita sus propios textos y reflexiona sobre la vida cotidiana, las grandes ciudades, el capitalismo y c\u00f3mo transforma la modernidad.<\/p>\n<p>El segundo programa incluir\u00e1 el estreno en M\u00e9xico Fluss, del compositor japon\u00e9s Toshio Hosokawa, y el Cuarteto VI Hinterland, del m\u00fasico franc\u00e9s Pascal Dusapin; e incluir\u00e1 Cuarteto No. 2, de Gy\u00f6rgy Ligeti, y la obra para orquesta sola Recordare, de Hilda Paredes.<\/p>\n<p>As\u00ed lo anunci\u00f3 ayer Claudia Curiel de Icaza, titular de Cultura local, quien destac\u00f3 la trascendencia de este ensamble de m\u00fasica contempor\u00e1nea. \u201cEs uno de los mejores del mundo. Adem\u00e1s, ser\u00e1 la primera ocasi\u00f3n que el Arditti se presente en M\u00e9xico y Am\u00e9rica Latina con orquesta, bajo la direcci\u00f3n del estadunidense Brad Lubman, uno de los mejores directores de m\u00fasica contempor\u00e1nea\u201d.<\/p>\n<p>La promotora explic\u00f3 que la segunda temporada de la OFCM trabajar\u00e1 bajo tres l\u00edneas principales: continuar con sus conciertos en plazas p\u00fablicas, celebrar las infancias y la celebraci\u00f3n 50 del Cuarteto Arditti.<\/p>\n<p>Destac\u00f3 la presentaci\u00f3n de la Filarm\u00f3nica en Cuautepec, en el Deportivo Carmen Serd\u00e1n de la Alcald\u00eda Gustavo A. Madero, programada para el 13 de abril, a las 18:00 horas, bajo la direcci\u00f3n hu\u00e9sped de la espa\u00f1ola Julia Cruz, en el que se esperan a unas 5 mil personas.<\/p>\n<p>El concierto ser\u00e1 gratuito e incluir\u00e1 la obertura de El turco en Italia, de Gioacchino Rossini; Divertimento en re mayor, K. 136, de W.A. Mozart; El aprendiz de brujo, de Paul Dukas; El sombrero de Tres Picos, de Manuel de Falla; las Danzas sinf\u00f3nicas de Amor sin Barreras, de Leonard Bernstein, y el Huapango, de Jos\u00e9 Pablo Moncayo.<\/p>\n<p>Curiel dijo que en los \u00faltimos tres conciertos que la orquesta ha salido a una sede p\u00fablica se ha contado con una asistencia diversa: 20 mil asistentes en el Z\u00f3calo capitalino, 4 mil en Iztapalapa y 3 mil 500 en Tepito.<\/p>\n<p>\u00bfQu\u00e9 presupuesto se destina a la salida de la OFCM?, se le pregunt\u00f3. \u201cEl costo de la producci\u00f3n depende del espacio; pero va de 2.5 a 5 millones de pesos\u201d.<\/p>\n<p>Tambi\u00e9n habl\u00f3 sobre la jubilaci\u00f3n de 12 m\u00fasicos de la OFCM. \u201cEl a\u00f1o pasado se retiraron seis m\u00fasicos y, en marzo pasado, se retiraron seis m\u00e1s, a quienes se les dedicar\u00e1 un concierto de agradecimiento. \u201cEl gobierno de la CDMX, a trav\u00e9s de la SC local, otorg\u00f3 entre 2023 y 2024 un apoyo econ\u00f3mico por 8.2 millones de pesos a 12 m\u00fasicos de la Filarm\u00f3nica, adicional al tr\u00e1mite correspondiente de jubilaci\u00f3n de los integrantes\u201d, explic\u00f3.<\/p>\n<p>DISCOS Y NI\u00d1OS<br \/>\nAdelant\u00f3 que la orquesta grabar\u00e1 su segundo disco, entre el 24 y 28 de abril, que incluir\u00e1 m\u00fasica de cinco compositores mexicanos, cuyos nombres se reserv\u00f3, pero que tambi\u00e9n ser\u00e1 grabado con microfon\u00eda espacial.<\/p>\n<p>Record\u00f3 que la primera grabaci\u00f3n fue en diciembre pasado, como inform\u00f3 Exc\u00e9lsior (05\/12\/2023), e incluy\u00f3 el Concierto No. 2 para piano y la Sinfon\u00eda n\u00fam. 11, de Dmitri Shostakovich. Ambas grabaciones ser\u00e1n presentadas en junio pr\u00f3ximo.<\/p>\n<p>Por su parte, Jos\u00e9 Mar\u00eda Serralde, director operativo de la OFCM, a\u00f1adi\u00f3 que, el 19, 20 y 21 de abril, la agrupaci\u00f3n llevar\u00e1 a cabo el programa Tu Orquesta celebra a las infancias, que promueve la visita de mil 200 ni\u00f1os y ni\u00f1as, de 4 a 12 a\u00f1os, a la sala Silvestre Revueltas.<\/p>\n<p>En esta serie de conciertos interpretar\u00e1n Pedro y el Lobo, con el programa Vete de pinta, el 19 de abril; mientras que el 20 y el 21 de abril, los m\u00fasicos agregar\u00e1n talleres de estimulaci\u00f3n temprana y un espect\u00e1culo de improvisaci\u00f3n e iniciaci\u00f3n musical, en la misma sede, concluy\u00f3.<\/p>\n","protected":false},"excerpt":{"rendered":"<p>El reconocido Cuarteto Arditti, fundado y dirigido por el violinista brit\u00e1nico Irvine Arditti, celebrar\u00e1 su 50 aniversario en la Ciudad de M\u00e9xico con dos programas en el Teatro Esperanza Iris, el 22 de junio, y con la Orquesta Filarm\u00f3nica de la Ciudad de M\u00e9xico (OFCM), en el Centro Cultural Ollin Yoliztli, el 29 y el [&hellip;]<\/p>\n","protected":false},"author":1,"featured_media":32750,"comment_status":"open","ping_status":"closed","sticky":false,"template":"","format":"standard","meta":{"footnotes":""},"categories":[3],"tags":[],"class_list":["post-32748","post","type-post","status-publish","format-standard","has-post-thumbnail","hentry","category-espectaculos"],"_links":{"self":[{"href":"https:\/\/solidaridadnews.com\/index.php?rest_route=\/wp\/v2\/posts\/32748","targetHints":{"allow":["GET"]}}],"collection":[{"href":"https:\/\/solidaridadnews.com\/index.php?rest_route=\/wp\/v2\/posts"}],"about":[{"href":"https:\/\/solidaridadnews.com\/index.php?rest_route=\/wp\/v2\/types\/post"}],"author":[{"embeddable":true,"href":"https:\/\/solidaridadnews.com\/index.php?rest_route=\/wp\/v2\/users\/1"}],"replies":[{"embeddable":true,"href":"https:\/\/solidaridadnews.com\/index.php?rest_route=%2Fwp%2Fv2%2Fcomments&post=32748"}],"version-history":[{"count":1,"href":"https:\/\/solidaridadnews.com\/index.php?rest_route=\/wp\/v2\/posts\/32748\/revisions"}],"predecessor-version":[{"id":32749,"href":"https:\/\/solidaridadnews.com\/index.php?rest_route=\/wp\/v2\/posts\/32748\/revisions\/32749"}],"wp:featuredmedia":[{"embeddable":true,"href":"https:\/\/solidaridadnews.com\/index.php?rest_route=\/wp\/v2\/media\/32750"}],"wp:attachment":[{"href":"https:\/\/solidaridadnews.com\/index.php?rest_route=%2Fwp%2Fv2%2Fmedia&parent=32748"}],"wp:term":[{"taxonomy":"category","embeddable":true,"href":"https:\/\/solidaridadnews.com\/index.php?rest_route=%2Fwp%2Fv2%2Fcategories&post=32748"},{"taxonomy":"post_tag","embeddable":true,"href":"https:\/\/solidaridadnews.com\/index.php?rest_route=%2Fwp%2Fv2%2Ftags&post=32748"}],"curies":[{"name":"wp","href":"https:\/\/api.w.org\/{rel}","templated":true}]}}