{"id":32736,"date":"2024-04-10T10:00:26","date_gmt":"2024-04-10T15:00:26","guid":{"rendered":"https:\/\/solidaridadnews.com\/?p=32736"},"modified":"2024-04-10T15:00:27","modified_gmt":"2024-04-10T15:00:27","slug":"internan-a-la-reina-emerita-sofia-de-espana-por-infeccion-urinaria","status":"publish","type":"post","link":"https:\/\/solidaridadnews.com\/?p=32736","title":{"rendered":"Internan a la reina em\u00e9rita Sof\u00eda de Espa\u00f1a por infecci\u00f3n urinaria"},"content":{"rendered":"<p>La Casa Real de Espa\u00f1a inform\u00f3 que la Reina em\u00e9rita Do\u00f1a Sof\u00eda fue trasladada a la Cl\u00ednica Ruber Internacional de Madrid durante la noche del martes y permanece ingresada por una infecci\u00f3n del tracto urinario que evoluciona de manera \u00abr\u00e1pida y favorable\u00bb.<\/p>\n<p>\u00abSu majestad la Reina Do\u00f1a Sof\u00eda fue trasladada anoche a la cl\u00ednica Ruber por una infecci\u00f3n del tracto urinario. La evoluci\u00f3n est\u00e1 siendo muy r\u00e1pida y favorable\u00bb, reza un escueto comunicado del Palacio de la Zarzuela, donde tambi\u00e9n detallan que la em\u00e9rita contin\u00faa ingresada en observaci\u00f3n.<\/p>\n<p>La madre del Rey Felipe VI, de 85 a\u00f1os, asisti\u00f3 el s\u00e1bado en la boda del alcalde de Madrid, Jos\u00e9 Luis Martinez-Almeida, a la que acudi\u00f3 como invitada con el Rey em\u00e9rito Juan Carlos I \u2014que viaj\u00f3 a Espa\u00f1a desde Emiratos \u00c1rabes\u2014 y la Infanta Elena.<\/p>\n","protected":false},"excerpt":{"rendered":"<p>La Casa Real de Espa\u00f1a inform\u00f3 que la Reina em\u00e9rita Do\u00f1a Sof\u00eda fue trasladada a la Cl\u00ednica Ruber Internacional de Madrid durante la noche del martes y permanece ingresada por una infecci\u00f3n del tracto urinario que evoluciona de manera \u00abr\u00e1pida y favorable\u00bb. \u00abSu majestad la Reina Do\u00f1a Sof\u00eda fue trasladada anoche a la cl\u00ednica Ruber [&hellip;]<\/p>\n","protected":false},"author":1,"featured_media":32738,"comment_status":"open","ping_status":"closed","sticky":false,"template":"","format":"standard","meta":{"footnotes":""},"categories":[9],"tags":[],"class_list":["post-32736","post","type-post","status-publish","format-standard","has-post-thumbnail","hentry","category-internacional"],"_links":{"self":[{"href":"https:\/\/solidaridadnews.com\/index.php?rest_route=\/wp\/v2\/posts\/32736","targetHints":{"allow":["GET"]}}],"collection":[{"href":"https:\/\/solidaridadnews.com\/index.php?rest_route=\/wp\/v2\/posts"}],"about":[{"href":"https:\/\/solidaridadnews.com\/index.php?rest_route=\/wp\/v2\/types\/post"}],"author":[{"embeddable":true,"href":"https:\/\/solidaridadnews.com\/index.php?rest_route=\/wp\/v2\/users\/1"}],"replies":[{"embeddable":true,"href":"https:\/\/solidaridadnews.com\/index.php?rest_route=%2Fwp%2Fv2%2Fcomments&post=32736"}],"version-history":[{"count":1,"href":"https:\/\/solidaridadnews.com\/index.php?rest_route=\/wp\/v2\/posts\/32736\/revisions"}],"predecessor-version":[{"id":32737,"href":"https:\/\/solidaridadnews.com\/index.php?rest_route=\/wp\/v2\/posts\/32736\/revisions\/32737"}],"wp:featuredmedia":[{"embeddable":true,"href":"https:\/\/solidaridadnews.com\/index.php?rest_route=\/wp\/v2\/media\/32738"}],"wp:attachment":[{"href":"https:\/\/solidaridadnews.com\/index.php?rest_route=%2Fwp%2Fv2%2Fmedia&parent=32736"}],"wp:term":[{"taxonomy":"category","embeddable":true,"href":"https:\/\/solidaridadnews.com\/index.php?rest_route=%2Fwp%2Fv2%2Fcategories&post=32736"},{"taxonomy":"post_tag","embeddable":true,"href":"https:\/\/solidaridadnews.com\/index.php?rest_route=%2Fwp%2Fv2%2Ftags&post=32736"}],"curies":[{"name":"wp","href":"https:\/\/api.w.org\/{rel}","templated":true}]}}