{"id":32718,"date":"2024-04-09T17:27:55","date_gmt":"2024-04-09T22:27:55","guid":{"rendered":"https:\/\/solidaridadnews.com\/?p=32718"},"modified":"2024-04-09T22:27:57","modified_gmt":"2024-04-09T22:27:57","slug":"pitbull-cruz-confirma-que-aun-tiene-la-espinita-sobre-una-revancha-con-gervonta-davis","status":"publish","type":"post","link":"https:\/\/solidaridadnews.com\/?p=32718","title":{"rendered":"&#8216;Pitbull&#8217; Cruz confirma que a\u00fan tiene \u00abla espinita\u00bb sobre una revancha con Gervonta Davis"},"content":{"rendered":"<p>Isaac &#8216;Pitbull&#8217; Cruz, campe\u00f3n mexicano de peso superligero de la AMB, comparti\u00f3 sus pensamientos sobre una posible revancha contra Gervonta Davis durante una entrevista en Faitelson sin Censura. A pesar de las ganas de revancha, Cruz dej\u00f3 en claro que no se martirizar\u00e1 por ello y se enfocar\u00e1 en brillar y ser un referente para el boxeo mexicano.<\/p>\n<p>En la entrevista, Cruz mencion\u00f3: \u00abS\u00ed, las ganas y la espinita ah\u00ed sigue, pero no me voy a martirizar o parar mi carrera, me voy a enfocar en brillar y ser un referente para el boxeo mexicano\u00bb. Esta declaraci\u00f3n refleja su determinaci\u00f3n de seguir adelante y no detener su progreso por una sola pelea.<\/p>\n<p>Recordando su victoria sobre Rolly Romero en Las Vegas para conseguir el t\u00edtulo superligero de la AMB, Cruz destac\u00f3 que ha ganado experiencia en estos a\u00f1os y est\u00e1 listo para otro combate si se presenta la oportunidad. \u00abFue una experiencia que nos dio la pauta para meternos m\u00e1s al gimnasio, en la concentraci\u00f3n y sobre eso, pelea a pelea se va adquiriendo experiencia\u00bb, mencion\u00f3 Cruz.<\/p>\n<p>En cuanto a las cr\u00edticas de Ryan Garc\u00eda, quien ha rechazado una pelea con \u00e9l, Cruz mostr\u00f3 indiferencia y determinaci\u00f3n. \u00abMe da lo mismo, cuando peleamos habla, cuando le tiramos el reto no quiere, yo me voy a enfocar&#8230; con el que sea, que se llegue a buen acuerdo entre empresas y no hay ning\u00fan problema\u00bb, coment\u00f3 el campe\u00f3n mexicano.<\/p>\n<p>Sobre su experiencia como campe\u00f3n mundial a los 25 a\u00f1os, Cruz expres\u00f3 su gratitud por haber cumplido un sue\u00f1o. \u00abS\u00ed, desde que se hace el ofrecimiento est\u00e1 por concluir ese sue\u00f1o, el simple hecho que cuando le dicen que est\u00e1 la oportunidad no la piensas dos veces, le pones m\u00e1s entusiasmo, m\u00e1s ganas, corres 10 o 15 minutos m\u00e1s, das el extra\u00bb, afirm\u00f3 Cruz.<\/p>\n<p>Isaac &#8216;Pitbull&#8217; Cruz ha demostrado su determinaci\u00f3n y enfoque en seguir adelante en su carrera, destacando su deseo de enfrentar cualquier desaf\u00edo que se presente en el ring y consolidarse como una figura destacada en el boxeo mexicano.<\/p>\n","protected":false},"excerpt":{"rendered":"<p>Isaac &#8216;Pitbull&#8217; Cruz, campe\u00f3n mexicano de peso superligero de la AMB, comparti\u00f3 sus pensamientos sobre una posible revancha contra Gervonta Davis durante una entrevista en Faitelson sin Censura. A pesar de las ganas de revancha, Cruz dej\u00f3 en claro que no se martirizar\u00e1 por ello y se enfocar\u00e1 en brillar y ser un referente para [&hellip;]<\/p>\n","protected":false},"author":1,"featured_media":32720,"comment_status":"open","ping_status":"closed","sticky":false,"template":"","format":"standard","meta":{"footnotes":""},"categories":[6],"tags":[],"class_list":["post-32718","post","type-post","status-publish","format-standard","has-post-thumbnail","hentry","category-deportes"],"_links":{"self":[{"href":"https:\/\/solidaridadnews.com\/index.php?rest_route=\/wp\/v2\/posts\/32718","targetHints":{"allow":["GET"]}}],"collection":[{"href":"https:\/\/solidaridadnews.com\/index.php?rest_route=\/wp\/v2\/posts"}],"about":[{"href":"https:\/\/solidaridadnews.com\/index.php?rest_route=\/wp\/v2\/types\/post"}],"author":[{"embeddable":true,"href":"https:\/\/solidaridadnews.com\/index.php?rest_route=\/wp\/v2\/users\/1"}],"replies":[{"embeddable":true,"href":"https:\/\/solidaridadnews.com\/index.php?rest_route=%2Fwp%2Fv2%2Fcomments&post=32718"}],"version-history":[{"count":1,"href":"https:\/\/solidaridadnews.com\/index.php?rest_route=\/wp\/v2\/posts\/32718\/revisions"}],"predecessor-version":[{"id":32719,"href":"https:\/\/solidaridadnews.com\/index.php?rest_route=\/wp\/v2\/posts\/32718\/revisions\/32719"}],"wp:featuredmedia":[{"embeddable":true,"href":"https:\/\/solidaridadnews.com\/index.php?rest_route=\/wp\/v2\/media\/32720"}],"wp:attachment":[{"href":"https:\/\/solidaridadnews.com\/index.php?rest_route=%2Fwp%2Fv2%2Fmedia&parent=32718"}],"wp:term":[{"taxonomy":"category","embeddable":true,"href":"https:\/\/solidaridadnews.com\/index.php?rest_route=%2Fwp%2Fv2%2Fcategories&post=32718"},{"taxonomy":"post_tag","embeddable":true,"href":"https:\/\/solidaridadnews.com\/index.php?rest_route=%2Fwp%2Fv2%2Ftags&post=32718"}],"curies":[{"name":"wp","href":"https:\/\/api.w.org\/{rel}","templated":true}]}}