{"id":32709,"date":"2024-04-09T16:46:41","date_gmt":"2024-04-09T21:46:41","guid":{"rendered":"https:\/\/solidaridadnews.com\/?p=32709"},"modified":"2024-04-09T21:46:42","modified_gmt":"2024-04-09T21:46:42","slug":"rusia-acusa-que-eu-recluta-a-miembros-de-carteles-mexicanos-para-enviarlos-a-combatir-ucrania","status":"publish","type":"post","link":"https:\/\/solidaridadnews.com\/?p=32709","title":{"rendered":"Rusia acusa que EU recluta a miembros de c\u00e1rteles mexicanos para enviarlos a combatir Ucrania"},"content":{"rendered":"<p>El Servicio de Inteligencia Exterior de Rusia (SVR) asegur\u00f3 que las empresas militares privadas de Estados Unidos est\u00e1n reclutando a miembros de c\u00e1rteles mexicanos y colombianos en prisiones estadounidenses para enviarlos a Ucrania a combatir junto a las Fuerzas Armadas del pa\u00eds en el marco de la guerra.<\/p>\n<p>\u00abEstados Unidos est\u00e1 recurriendo a m\u00e9todos cada vez m\u00e1s desesperados en sus intentos de cambiar el rumbo del escenario de operaciones de Ucrania, reponiendo las filas de combatientes desmoralizados de las Fuerzas Armadas de Ucrania con una chusma multinacional con tendencia a la violencia armada\u00bb, dijo el organismo, seg\u00fan recoge la agencia TASS.<\/p>\n<p>De acuerdo con las autoridades rusas, estas empresas de mercenarios, \u00abbajo el liderazgo de\u00bb la Administraci\u00f3n de Control de Drogas (DEA) y el Bur\u00f3 Federal de Investigaciones (FBI), est\u00e1n \u00abreclutando representantes de los c\u00e1rteles de la droga mexicanos y colombianos\u00bb en prisi\u00f3n.<\/p>\n<p>Seg\u00fan la Inteligencia Exterior rusa, si los narcotraficantes aceptan este \u00abviaje de negocios\u00bb, a cambio se les recompensa con una amnist\u00eda total de sus condenas.<\/p>\n<p>Las previsiones rusas apuntan a que \u00abel primer grupo de matones\u00bb, compuesto por mexicanos y colombianos, viaje al frente ucraniano en el verano.<\/p>\n<p>\u00abSi el proyecto piloto para reponer las filas de las Fuerzas Armadas de Ucrania tiene \u00e9xito con los delincuentes latinoamericanos, entonces el programa de reclutamiento de desolladores continuar\u00e1 e incluso se ampliar\u00e1 a expensas de los delincuentes de otros pa\u00edses que tienen una situaci\u00f3n criminal dif\u00edcil\u00bb, a\u00f1adi\u00f3 el SVT.<\/p>\n<p>Finalmente, las autoridades rusas aseveraron que, con este supuesto plan, Estados Unidos \u00abadmite su impotencia\u00bb y demuestra \u00abla inconsistencia del r\u00e9gimen de Kiev al que alimenta\u00bb; a la par que ha reprochado al gobierno de Washington que ponga sobre el tablero ucraniano a \u00abasesinos en serie, drogadictos y violadores\u00bb.<\/p>\n<p>Los investigadores rusos anunciaron este martes que abrieron una investigaci\u00f3n por \u00abfinanciamiento del terrorismo\u00bb que implica a pa\u00edses occidentales, alegando que fondos recibidos por empresas estadounidenses en Ucrania, incluida Burisma, que emple\u00f3 al hijo del presidente Joe Biden, fueron usados para \u00abactos terroristas\u00bb en Rusia.<\/p>\n<p>En un comunicado, el Comit\u00e9 de Investigaci\u00f3n ruso afirm\u00f3 estar analizando \u00abfuentes de ingresos\u00bb por varios millones de d\u00f3lares y la \u00abimplicaci\u00f3n de colaboradores de autoridades y organizaciones p\u00fablicas y comerciales de pa\u00edses occidentales\u00bb.<\/p>\n","protected":false},"excerpt":{"rendered":"<p>El Servicio de Inteligencia Exterior de Rusia (SVR) asegur\u00f3 que las empresas militares privadas de Estados Unidos est\u00e1n reclutando a miembros de c\u00e1rteles mexicanos y colombianos en prisiones estadounidenses para enviarlos a Ucrania a combatir junto a las Fuerzas Armadas del pa\u00eds en el marco de la guerra. \u00abEstados Unidos est\u00e1 recurriendo a m\u00e9todos cada [&hellip;]<\/p>\n","protected":false},"author":1,"featured_media":32711,"comment_status":"open","ping_status":"closed","sticky":false,"template":"","format":"standard","meta":{"footnotes":""},"categories":[9],"tags":[],"class_list":["post-32709","post","type-post","status-publish","format-standard","has-post-thumbnail","hentry","category-internacional"],"_links":{"self":[{"href":"https:\/\/solidaridadnews.com\/index.php?rest_route=\/wp\/v2\/posts\/32709","targetHints":{"allow":["GET"]}}],"collection":[{"href":"https:\/\/solidaridadnews.com\/index.php?rest_route=\/wp\/v2\/posts"}],"about":[{"href":"https:\/\/solidaridadnews.com\/index.php?rest_route=\/wp\/v2\/types\/post"}],"author":[{"embeddable":true,"href":"https:\/\/solidaridadnews.com\/index.php?rest_route=\/wp\/v2\/users\/1"}],"replies":[{"embeddable":true,"href":"https:\/\/solidaridadnews.com\/index.php?rest_route=%2Fwp%2Fv2%2Fcomments&post=32709"}],"version-history":[{"count":1,"href":"https:\/\/solidaridadnews.com\/index.php?rest_route=\/wp\/v2\/posts\/32709\/revisions"}],"predecessor-version":[{"id":32710,"href":"https:\/\/solidaridadnews.com\/index.php?rest_route=\/wp\/v2\/posts\/32709\/revisions\/32710"}],"wp:featuredmedia":[{"embeddable":true,"href":"https:\/\/solidaridadnews.com\/index.php?rest_route=\/wp\/v2\/media\/32711"}],"wp:attachment":[{"href":"https:\/\/solidaridadnews.com\/index.php?rest_route=%2Fwp%2Fv2%2Fmedia&parent=32709"}],"wp:term":[{"taxonomy":"category","embeddable":true,"href":"https:\/\/solidaridadnews.com\/index.php?rest_route=%2Fwp%2Fv2%2Fcategories&post=32709"},{"taxonomy":"post_tag","embeddable":true,"href":"https:\/\/solidaridadnews.com\/index.php?rest_route=%2Fwp%2Fv2%2Ftags&post=32709"}],"curies":[{"name":"wp","href":"https:\/\/api.w.org\/{rel}","templated":true}]}}