{"id":32706,"date":"2024-04-09T16:33:49","date_gmt":"2024-04-09T21:33:49","guid":{"rendered":"https:\/\/solidaridadnews.com\/?p=32706"},"modified":"2024-04-09T21:33:50","modified_gmt":"2024-04-09T21:33:50","slug":"sydney-sweeney-visitara-mexico-para-promocionar-su-nueva-pelicula-de-terror","status":"publish","type":"post","link":"https:\/\/solidaridadnews.com\/?p=32706","title":{"rendered":"Sydney Sweeney visitar\u00e1 M\u00e9xico para promocionar su nueva pel\u00edcula de terror"},"content":{"rendered":"<p>La Ciudad de M\u00e9xico vivir\u00e1 una experiencia aterradora, la actriz y productora Sydney Sweeney y el actor espa\u00f1ol \u00c1lvaro Morte estar\u00e1n de visita para presentar \u201cInmaculada\u201d, la nueva pel\u00edcula de suspenso y terror psicol\u00f3gico que promete llevar las emociones del p\u00fablico al l\u00edmite.<\/p>\n<p>Ser\u00e1 el 1\u00b0 de mayo cuando la actriz protagonista de la cinta y el actor que recibi\u00f3 los premios Premio Esquire a \u2018Hombre del a\u00f1o\u2019 y el Premio GQ \u2018Inconquistables a la Vanguardia\u2019 est\u00e9n presentes en nuestro pa\u00eds para dar a conocer la cinta, que representa para ambos un salto en su carrera.<\/p>\n<p>Sydney Sweeney ha aparecido en las exitosas series de televisi\u00f3n \u201cEuphoria\u201d y \u201cThe White Lotus\u201d, as\u00ed como en la pantalla grande en la \u00faltima pel\u00edcula de Marvel Studios \u201cMadame Web\u201d y en la comedia rom\u00e1ntica \u201cCon todos menos contigo\u201d.<\/p>\n<p>Por su parte, el actor \u00c1lvaro Morte ha destacado por su personaje de \u201cEl Profesor\u201d en la serie \u201cLa Casa de Papel\u201d, al igual que en las pel\u00edculas \u201cObjetos\u201d, \u201cSin l\u00edmites\u00bb y \u201cDurante la tormenta\u201d.<\/p>\n<p>\u201cInmaculada\u201d, dirigida por Michael Mohanse y escrita por Andrew Lobel, narra la historia de \u201cCecilia\u201d, interpretada por Sweeney, una monja entregada a su vocaci\u00f3n y a la fe, que con el objetivo de encontrar conexi\u00f3n espiritual se dirige a un lejano convento.<\/p>\n<p>Ese viaje, que se visibilizaba como una vivencia positiva, de pronto se convierte en una oscura experiencia caracterizada por una constante vibra mal\u00e9vola, que se respira en cada pasillo del convento. De esta manera, \u201cInmaculada\u201d pone en duda las creencias religiosas de \u201cCecilia\u201d, mientras ella busca escapar del peligro, miedo y desesperaci\u00f3n que el convento le provocan.<\/p>\n<p>Adem\u00e1s de Sydney Sweeney y \u00c1lvaro Morte, el casting de la pel\u00edcula est\u00e1 conformado por Simona Tabasco, interpretando a la \u201cHermana Mary\u201d y Dora Romano, como la madre superiora. Adem\u00e1s, el elenco presenta a Giulia Heathfield Di Renzi, Benedetta Porcaroli, Giuseppe Lo Piccolo, Niccol\u00f2 Senni y Giorgio Colangeli.<\/p>\n<p>La pel\u00edcula, que fue estrenada el 12 de marzo en el Festival South by Southwest, llegar\u00e1 a salas de cine de nuestro pa\u00eds el 30 de mayo, unas semanas despu\u00e9s de que Sydney Sweeney y \u00c1lvaro Morte visiten la Ciudad de M\u00e9xico.<\/p>\n","protected":false},"excerpt":{"rendered":"<p>La Ciudad de M\u00e9xico vivir\u00e1 una experiencia aterradora, la actriz y productora Sydney Sweeney y el actor espa\u00f1ol \u00c1lvaro Morte estar\u00e1n de visita para presentar \u201cInmaculada\u201d, la nueva pel\u00edcula de suspenso y terror psicol\u00f3gico que promete llevar las emociones del p\u00fablico al l\u00edmite. Ser\u00e1 el 1\u00b0 de mayo cuando la actriz protagonista de la cinta [&hellip;]<\/p>\n","protected":false},"author":1,"featured_media":32708,"comment_status":"open","ping_status":"closed","sticky":false,"template":"","format":"standard","meta":{"footnotes":""},"categories":[3],"tags":[],"class_list":["post-32706","post","type-post","status-publish","format-standard","has-post-thumbnail","hentry","category-espectaculos"],"_links":{"self":[{"href":"https:\/\/solidaridadnews.com\/index.php?rest_route=\/wp\/v2\/posts\/32706","targetHints":{"allow":["GET"]}}],"collection":[{"href":"https:\/\/solidaridadnews.com\/index.php?rest_route=\/wp\/v2\/posts"}],"about":[{"href":"https:\/\/solidaridadnews.com\/index.php?rest_route=\/wp\/v2\/types\/post"}],"author":[{"embeddable":true,"href":"https:\/\/solidaridadnews.com\/index.php?rest_route=\/wp\/v2\/users\/1"}],"replies":[{"embeddable":true,"href":"https:\/\/solidaridadnews.com\/index.php?rest_route=%2Fwp%2Fv2%2Fcomments&post=32706"}],"version-history":[{"count":1,"href":"https:\/\/solidaridadnews.com\/index.php?rest_route=\/wp\/v2\/posts\/32706\/revisions"}],"predecessor-version":[{"id":32707,"href":"https:\/\/solidaridadnews.com\/index.php?rest_route=\/wp\/v2\/posts\/32706\/revisions\/32707"}],"wp:featuredmedia":[{"embeddable":true,"href":"https:\/\/solidaridadnews.com\/index.php?rest_route=\/wp\/v2\/media\/32708"}],"wp:attachment":[{"href":"https:\/\/solidaridadnews.com\/index.php?rest_route=%2Fwp%2Fv2%2Fmedia&parent=32706"}],"wp:term":[{"taxonomy":"category","embeddable":true,"href":"https:\/\/solidaridadnews.com\/index.php?rest_route=%2Fwp%2Fv2%2Fcategories&post=32706"},{"taxonomy":"post_tag","embeddable":true,"href":"https:\/\/solidaridadnews.com\/index.php?rest_route=%2Fwp%2Fv2%2Ftags&post=32706"}],"curies":[{"name":"wp","href":"https:\/\/api.w.org\/{rel}","templated":true}]}}