{"id":32700,"date":"2024-04-08T10:25:27","date_gmt":"2024-04-08T15:25:27","guid":{"rendered":"https:\/\/solidaridadnews.com\/?p=32700"},"modified":"2024-04-08T15:25:29","modified_gmt":"2024-04-08T15:25:29","slug":"volcan-etna-provoca-extrano-fenomeno-en-cielos-de-italia","status":"publish","type":"post","link":"https:\/\/solidaridadnews.com\/?p=32700","title":{"rendered":"Volc\u00e1n Etna provoca extra\u00f1o fen\u00f3meno en cielos de Italia"},"content":{"rendered":"<p>Los anillos provocados por el v\u00f3rtice del Volc\u00e1n Etna, un fen\u00f3meno natural fascinante, atrajeron la atenci\u00f3n de los visitantes el pasado viernes 5 de abril, en el Monte de Italia, donde esta estructura geol\u00f3gica emite m\u00e1s de estos c\u00edrculos de gas que cualquier otra en la Tierra.<\/p>\n<p>El viernes pasado, los espectadores fueron testigos de una exhibici\u00f3n sobrecogedora en el Volc\u00e1n Etna de Italia, donde los impresionantes anillos de v\u00f3rtice volc\u00e1nico capturaron la atenci\u00f3n de los visitantes. Estos c\u00edrculos naturales, casi perfectos, de gas emitidos por el volc\u00e1n en condiciones espec\u00edficas, son un fen\u00f3meno asombroso. Que ha llevado a los cient\u00edficos a estudiar en profundidad este volc\u00e1n activo.<\/p>\n<p>Anillos del Volc\u00e1n Edna son \u00fanicos y raros<br \/>\nSeg\u00fan los expertos, el monte Etna emite m\u00e1s anillos de v\u00f3rtice volc\u00e1nico que cualquier otro volc\u00e1n en la Tierra. Este fen\u00f3meno, que ocurre de manera relativamente rara, es resultado de la liberaci\u00f3n constante de vapores y gases desde el interior del volc\u00e1n. La masa gaseosa asciende r\u00e1pidamente por el conducto central. Lo cual favorece la formaci\u00f3n de anillos al envolver el gas sobre s\u00ed mismo en un movimiento de v\u00f3rtice.<\/p>\n<p>Giuseppe Barbagallo, miembro del Grupo de Gu\u00edas Alpinos del Etna Sur, se\u00f1al\u00f3 que la \u00faltima vez que se observ\u00f3 este espect\u00e1culo en el volc\u00e1n Etna fue en diciembre pasado, resaltando la rareza y el impacto visual de este evento natural.<\/p>\n<p>Los lugare\u00f1os, impresionados por la belleza y la singularidad de estos anillos de gas, han comenzado a referirse al Monte Etna como la \u201cDama de los Anillos\u201d. Esto es una muestra del arraigo cultural que este fen\u00f3meno ha adquirido en la regi\u00f3n.<\/p>\n<p>\u201cHace unos d\u00edas se form\u00f3 un nuevo cr\u00e1ter en el cr\u00e1ter sureste, el cr\u00e1ter frente a nosotros. Tiene una boca circular perfecta, por lo que salen varios anillos de v\u00f3rtice volc\u00e1nico . Este es un fen\u00f3meno espacial. No podemos Veo algo as\u00ed todos los d\u00edas\u201d.<\/p>\n<p>Volc\u00e1n Etna, un paisaje \u00fanico<br \/>\nEl Volc\u00e1n Etna, con sus imponentes paisajes y su actividad volc\u00e1nica, sigue siendo un destino de gran inter\u00e9s tanto para cient\u00edficos como para turistas. La exhibici\u00f3n de los anillos de v\u00f3rtice volc\u00e1nico es solo un ejemplo m\u00e1s de la fascinante naturaleza. Que est\u00e1 en constante cambio que caracteriza a este emblem\u00e1tico monte italiano.<\/p>\n","protected":false},"excerpt":{"rendered":"<p>Los anillos provocados por el v\u00f3rtice del Volc\u00e1n Etna, un fen\u00f3meno natural fascinante, atrajeron la atenci\u00f3n de los visitantes el pasado viernes 5 de abril, en el Monte de Italia, donde esta estructura geol\u00f3gica emite m\u00e1s de estos c\u00edrculos de gas que cualquier otra en la Tierra. El viernes pasado, los espectadores fueron testigos de [&hellip;]<\/p>\n","protected":false},"author":1,"featured_media":32702,"comment_status":"open","ping_status":"closed","sticky":false,"template":"","format":"standard","meta":{"footnotes":""},"categories":[9],"tags":[],"class_list":["post-32700","post","type-post","status-publish","format-standard","has-post-thumbnail","hentry","category-internacional"],"_links":{"self":[{"href":"https:\/\/solidaridadnews.com\/index.php?rest_route=\/wp\/v2\/posts\/32700","targetHints":{"allow":["GET"]}}],"collection":[{"href":"https:\/\/solidaridadnews.com\/index.php?rest_route=\/wp\/v2\/posts"}],"about":[{"href":"https:\/\/solidaridadnews.com\/index.php?rest_route=\/wp\/v2\/types\/post"}],"author":[{"embeddable":true,"href":"https:\/\/solidaridadnews.com\/index.php?rest_route=\/wp\/v2\/users\/1"}],"replies":[{"embeddable":true,"href":"https:\/\/solidaridadnews.com\/index.php?rest_route=%2Fwp%2Fv2%2Fcomments&post=32700"}],"version-history":[{"count":1,"href":"https:\/\/solidaridadnews.com\/index.php?rest_route=\/wp\/v2\/posts\/32700\/revisions"}],"predecessor-version":[{"id":32701,"href":"https:\/\/solidaridadnews.com\/index.php?rest_route=\/wp\/v2\/posts\/32700\/revisions\/32701"}],"wp:featuredmedia":[{"embeddable":true,"href":"https:\/\/solidaridadnews.com\/index.php?rest_route=\/wp\/v2\/media\/32702"}],"wp:attachment":[{"href":"https:\/\/solidaridadnews.com\/index.php?rest_route=%2Fwp%2Fv2%2Fmedia&parent=32700"}],"wp:term":[{"taxonomy":"category","embeddable":true,"href":"https:\/\/solidaridadnews.com\/index.php?rest_route=%2Fwp%2Fv2%2Fcategories&post=32700"},{"taxonomy":"post_tag","embeddable":true,"href":"https:\/\/solidaridadnews.com\/index.php?rest_route=%2Fwp%2Fv2%2Ftags&post=32700"}],"curies":[{"name":"wp","href":"https:\/\/api.w.org\/{rel}","templated":true}]}}