{"id":32697,"date":"2024-04-08T09:41:23","date_gmt":"2024-04-08T14:41:23","guid":{"rendered":"https:\/\/solidaridadnews.com\/?p=32697"},"modified":"2024-04-08T14:41:24","modified_gmt":"2024-04-08T14:41:24","slug":"aumenta-70-numero-de-vehiculos-blindados","status":"publish","type":"post","link":"https:\/\/solidaridadnews.com\/?p=32697","title":{"rendered":"Aumenta 70% n\u00famero de veh\u00edculos blindados"},"content":{"rendered":"<p>En los \u00faltimos 10 a\u00f1os, debido a la inseguridad que prevalece en el pa\u00eds, aument\u00f3 70% el n\u00famero de veh\u00edculos blindados en M\u00e9xico, asegura la Asociaci\u00f3n Mexicana de Blindadores Automotores (AMBA).<\/p>\n<p>Ante el clima de violencia y criminalidad que se padece, para Mauricio Garibaldi, director comercial de la firma Blindajes Alemanes, este tipo de protecci\u00f3n de veh\u00edculos se est\u00e1 sometiendo a prueba y por ello la industria debe responder con eficiencia en la defensa, no s\u00f3lo de la clase pol\u00edtica, sino de toda la sociedad que conf\u00eda en la protecci\u00f3n bal\u00edstica; por ello, resalta la importancia de asesorarse antes de adquirir el servicio.<\/p>\n<p>\u201cLa realidad es que el blindaje en M\u00e9xico, hoy en d\u00eda, s\u00ed est\u00e1 siendo puesto a prueba (\u2026) si comparamos la cantidad de unidades que se vend\u00edan en 2013, contra el n\u00famero que vendimos como todos los socios de AMBA en 2023, tenemos un incremento de 70% comparando a\u00f1o con a\u00f1o (\u2026) cada vez que hay un evento de inseguridad fuerte, inmediatamente se ve reflejado en el incremento en el n\u00famero de ventas y tambi\u00e9n de cotizaciones en la industria\u201d, asever\u00f3 Garibaldi.<\/p>\n<p>En 2023, la Asociaci\u00f3n Mexicana de Blindadores de Automotores (AMBA), report\u00f3, al t\u00e9rmino del primer semestre, un crecimiento en la demanda de veh\u00edculos blindados de cerca de 30% con respecto al mismo periodo de 2022.<\/p>\n<p>En ese sentido, el directivo detall\u00f3 los niveles de blindaje y el tipo de armas a las que estos son capaces de resistir.<\/p>\n<p>\u201cLa protecci\u00f3n est\u00e1 dividida en tres niveles de blindaje: el nivel 3 cuesta alrededor de 34 mil d\u00f3lares m\u00e1s IVA y cubre hasta lo que es Magnum 44, que es el arma corta [rev\u00f3lver] m\u00e1s agresiva que existe. De ah\u00ed, un nivel 4, que cubre del famoso AK-47 o Cuerno de Chivo [rifle de asalto calibre 7.62 mm], est\u00e1 en un promedio en el mercado de 55 mil d\u00f3lares m\u00e1s IVA, que son los m\u00e1s solicitados\u201d, agreg\u00f3.<\/p>\n<p>La AMBA se\u00f1al\u00f3 que el nivel 3, el m\u00e1s solicitado, prevalece en la Ciudad de M\u00e9xico con su \u00e1rea metropolitana, mientras que los niveles de m\u00e1s altos son buscados en el norte y en el Baj\u00edo, en estados como Guanajuato y Tamaulipas.<\/p>\n","protected":false},"excerpt":{"rendered":"<p>En los \u00faltimos 10 a\u00f1os, debido a la inseguridad que prevalece en el pa\u00eds, aument\u00f3 70% el n\u00famero de veh\u00edculos blindados en M\u00e9xico, asegura la Asociaci\u00f3n Mexicana de Blindadores Automotores (AMBA). Ante el clima de violencia y criminalidad que se padece, para Mauricio Garibaldi, director comercial de la firma Blindajes Alemanes, este tipo de protecci\u00f3n [&hellip;]<\/p>\n","protected":false},"author":1,"featured_media":32699,"comment_status":"open","ping_status":"closed","sticky":false,"template":"","format":"standard","meta":{"footnotes":""},"categories":[2],"tags":[],"class_list":["post-32697","post","type-post","status-publish","format-standard","has-post-thumbnail","hentry","category-nacional"],"_links":{"self":[{"href":"https:\/\/solidaridadnews.com\/index.php?rest_route=\/wp\/v2\/posts\/32697","targetHints":{"allow":["GET"]}}],"collection":[{"href":"https:\/\/solidaridadnews.com\/index.php?rest_route=\/wp\/v2\/posts"}],"about":[{"href":"https:\/\/solidaridadnews.com\/index.php?rest_route=\/wp\/v2\/types\/post"}],"author":[{"embeddable":true,"href":"https:\/\/solidaridadnews.com\/index.php?rest_route=\/wp\/v2\/users\/1"}],"replies":[{"embeddable":true,"href":"https:\/\/solidaridadnews.com\/index.php?rest_route=%2Fwp%2Fv2%2Fcomments&post=32697"}],"version-history":[{"count":1,"href":"https:\/\/solidaridadnews.com\/index.php?rest_route=\/wp\/v2\/posts\/32697\/revisions"}],"predecessor-version":[{"id":32698,"href":"https:\/\/solidaridadnews.com\/index.php?rest_route=\/wp\/v2\/posts\/32697\/revisions\/32698"}],"wp:featuredmedia":[{"embeddable":true,"href":"https:\/\/solidaridadnews.com\/index.php?rest_route=\/wp\/v2\/media\/32699"}],"wp:attachment":[{"href":"https:\/\/solidaridadnews.com\/index.php?rest_route=%2Fwp%2Fv2%2Fmedia&parent=32697"}],"wp:term":[{"taxonomy":"category","embeddable":true,"href":"https:\/\/solidaridadnews.com\/index.php?rest_route=%2Fwp%2Fv2%2Fcategories&post=32697"},{"taxonomy":"post_tag","embeddable":true,"href":"https:\/\/solidaridadnews.com\/index.php?rest_route=%2Fwp%2Fv2%2Ftags&post=32697"}],"curies":[{"name":"wp","href":"https:\/\/api.w.org\/{rel}","templated":true}]}}