{"id":32679,"date":"2024-04-07T11:37:49","date_gmt":"2024-04-07T16:37:49","guid":{"rendered":"https:\/\/solidaridadnews.com\/?p=32679"},"modified":"2024-04-07T16:37:51","modified_gmt":"2024-04-07T16:37:51","slug":"ciudadanos-ansiosos-y-a-la-expectativa-por-fenomeno","status":"publish","type":"post","link":"https:\/\/solidaridadnews.com\/?p=32679","title":{"rendered":"Ciudadanos, ansiosos y a la expectativa por fen\u00f3meno"},"content":{"rendered":"<p>Torre\u00f3n.\u2014 Habitantes de Torre\u00f3n aseguraron estar entusiasmados y preparados para presenciar el eclipse total de sol este 8 de abril, en donde la ciudad y la regi\u00f3n de La Laguna se encuentran en la franja de la totalidad, donde se podr\u00e1 presenciar 100% el fen\u00f3meno astron\u00f3mico.<\/p>\n<p>Juanita Mendoza mostr\u00f3 sus lentes con filtro especial para observar el eclipse y record\u00f3 que, en el eclipse parcial de octubre pasado, ten\u00eda algo de desconocimiento del fen\u00f3meno y opt\u00f3 por quedarse en casa.<\/p>\n<p>\u201cMe he informado, y bueno, si uno tiene las precauciones y el cuidado se puede apreciar y disfrutar\u201d, coment\u00f3.<\/p>\n<p>Dijo que tiene entusiasmo por presenciar un fen\u00f3meno por primera vez y a\u00f1adi\u00f3 que en su trabajo ya les dieron permiso para salir y observarlo. \u201cDe aqu\u00ed a 200 a\u00f1os que vuelva a pasar esto\u201d, expres\u00f3 la se\u00f1ora.<\/p>\n<p>Con el mismo entusiasmo se escuch\u00f3 a \u00c9dgar Ibarra, un hombre de 42 a\u00f1os. \u201cSiento muchas ganas de ver este fen\u00f3meno\u201d, mencion\u00f3.<\/p>\n<p>Record\u00f3 que era peque\u00f1o cuando ocurri\u00f3 el eclipse de 1991 y en ese entonces viv\u00eda en Tijuana. Por eso se dijo privilegiado de poder ver \u201cuna manifestaci\u00f3n que no se da todos los d\u00edas\u201d.<\/p>\n<p>Diana Mancillas, al lado de sus dos hijos, describi\u00f3 que \u201ces algo especial\u201d, y a\u00f1adi\u00f3 que tiene muchas expectativas sobre todo porque sus hijos podr\u00e1n observar este fen\u00f3meno \u00fanico.<\/p>\n<p>\u201cEs mucha emoci\u00f3n por los chiquillos, que vean estos eventos que pasan en la naturaleza\u201d, refiri\u00f3.<\/p>\n<p>La se\u00f1ora Diana tiene mucha expectativa por ver c\u00f3mo todo se oscurecer\u00e1 y platic\u00f3 que piensa presenciar el eclipse con sus hijos, afuera de su casa. \u201cYa compramos los lentes porque hay que cuidar que todo salga bien y evitar peligros\u201d, a\u00f1adi\u00f3.<\/p>\n<p>Juanita, \u00c9dgar y Diana aseguraron no tener miedo al fen\u00f3meno, pero s\u00ed refirieron que tomar\u00e1n precauciones de no observarlo por mucho tiempo, aunque tengan los lentes verificados.<\/p>\n<p>\u201cNo tengo tanta informaci\u00f3n, es simplemente cuidar la vista\u201d, dijo \u00c9dgar Ibarra. \u201cHay que tener cuidado con los ni\u00f1os\u201d, dijo la se\u00f1ora Juanita Mendoza. \u201cQuiero verlo afuera de la casa para tener precauci\u00f3n y meter a los ni\u00f1os\u201d, agreg\u00f3 Diana Mancillas.<\/p>\n","protected":false},"excerpt":{"rendered":"<p>Torre\u00f3n.\u2014 Habitantes de Torre\u00f3n aseguraron estar entusiasmados y preparados para presenciar el eclipse total de sol este 8 de abril, en donde la ciudad y la regi\u00f3n de La Laguna se encuentran en la franja de la totalidad, donde se podr\u00e1 presenciar 100% el fen\u00f3meno astron\u00f3mico. Juanita Mendoza mostr\u00f3 sus lentes con filtro especial para [&hellip;]<\/p>\n","protected":false},"author":1,"featured_media":32681,"comment_status":"open","ping_status":"closed","sticky":false,"template":"","format":"standard","meta":{"footnotes":""},"categories":[2],"tags":[],"class_list":["post-32679","post","type-post","status-publish","format-standard","has-post-thumbnail","hentry","category-nacional"],"_links":{"self":[{"href":"https:\/\/solidaridadnews.com\/index.php?rest_route=\/wp\/v2\/posts\/32679","targetHints":{"allow":["GET"]}}],"collection":[{"href":"https:\/\/solidaridadnews.com\/index.php?rest_route=\/wp\/v2\/posts"}],"about":[{"href":"https:\/\/solidaridadnews.com\/index.php?rest_route=\/wp\/v2\/types\/post"}],"author":[{"embeddable":true,"href":"https:\/\/solidaridadnews.com\/index.php?rest_route=\/wp\/v2\/users\/1"}],"replies":[{"embeddable":true,"href":"https:\/\/solidaridadnews.com\/index.php?rest_route=%2Fwp%2Fv2%2Fcomments&post=32679"}],"version-history":[{"count":1,"href":"https:\/\/solidaridadnews.com\/index.php?rest_route=\/wp\/v2\/posts\/32679\/revisions"}],"predecessor-version":[{"id":32680,"href":"https:\/\/solidaridadnews.com\/index.php?rest_route=\/wp\/v2\/posts\/32679\/revisions\/32680"}],"wp:featuredmedia":[{"embeddable":true,"href":"https:\/\/solidaridadnews.com\/index.php?rest_route=\/wp\/v2\/media\/32681"}],"wp:attachment":[{"href":"https:\/\/solidaridadnews.com\/index.php?rest_route=%2Fwp%2Fv2%2Fmedia&parent=32679"}],"wp:term":[{"taxonomy":"category","embeddable":true,"href":"https:\/\/solidaridadnews.com\/index.php?rest_route=%2Fwp%2Fv2%2Fcategories&post=32679"},{"taxonomy":"post_tag","embeddable":true,"href":"https:\/\/solidaridadnews.com\/index.php?rest_route=%2Fwp%2Fv2%2Ftags&post=32679"}],"curies":[{"name":"wp","href":"https:\/\/api.w.org\/{rel}","templated":true}]}}