{"id":32676,"date":"2024-04-07T11:19:57","date_gmt":"2024-04-07T16:19:57","guid":{"rendered":"https:\/\/solidaridadnews.com\/?p=32676"},"modified":"2024-04-07T16:19:59","modified_gmt":"2024-04-07T16:19:59","slug":"murio-la-actriz-maria-del-carmen-farias-a-los-69-anos","status":"publish","type":"post","link":"https:\/\/solidaridadnews.com\/?p=32676","title":{"rendered":"Muri\u00f3 la actriz Mar\u00eda del Carmen Far\u00edas, a los 69 a\u00f1os"},"content":{"rendered":"<p>La Asociaci\u00f3n Nacional de Actores (ANDA) lament\u00f3 este s\u00e1bado la muerte a los 69 a\u00f1os de edad de la actriz Mar\u00eda del Carmen Far\u00edas, conocida por su participaci\u00f3n en diversas producciones de teatro y televisi\u00f3n.<\/p>\n<p>Por medio de un breve mensaje en redes sociales, la ANDA envi\u00f3 sus condolencias a familiares y amigos de la actriz, quien dej\u00f3 un legado de m\u00e1s de 50 a\u00f1os de trayectoria art\u00edstica.<\/p>\n<p>\u201cLa Asociaci\u00f3n Nacional de Actores lamenta el sensible fallecimiento de nuestra Compa\u00f1era Mar\u00eda del Carmen Far\u00edas. Nuestras condolencias a sus familiares, amigos y compa\u00f1eros. Descanse en paz\u201d, se le ene l mensaje.<\/p>\n<p>Hasta el momento se desconocen la causa de su muerte<\/p>\n<p>Mar\u00eda del Carmen Far\u00edas naci\u00f3 en la Ciudad de M\u00e9xico en 1955. Egres\u00f3 del Centro Universitario de Teatro de la Universidad Nacional Aut\u00f3noma (UNAM).<\/p>\n<p>Entre sus trabajos m\u00e1s recientes se encuentran Las Aparicio, Ingobernable, Desaparecida, Un d\u00eda cualquiera y Su nombre era Dolores, la Jenny que yo conoc\u00ed.<\/p>\n","protected":false},"excerpt":{"rendered":"<p>La Asociaci\u00f3n Nacional de Actores (ANDA) lament\u00f3 este s\u00e1bado la muerte a los 69 a\u00f1os de edad de la actriz Mar\u00eda del Carmen Far\u00edas, conocida por su participaci\u00f3n en diversas producciones de teatro y televisi\u00f3n. Por medio de un breve mensaje en redes sociales, la ANDA envi\u00f3 sus condolencias a familiares y amigos de la [&hellip;]<\/p>\n","protected":false},"author":1,"featured_media":32678,"comment_status":"open","ping_status":"closed","sticky":false,"template":"","format":"standard","meta":{"footnotes":""},"categories":[3],"tags":[],"class_list":["post-32676","post","type-post","status-publish","format-standard","has-post-thumbnail","hentry","category-espectaculos"],"_links":{"self":[{"href":"https:\/\/solidaridadnews.com\/index.php?rest_route=\/wp\/v2\/posts\/32676","targetHints":{"allow":["GET"]}}],"collection":[{"href":"https:\/\/solidaridadnews.com\/index.php?rest_route=\/wp\/v2\/posts"}],"about":[{"href":"https:\/\/solidaridadnews.com\/index.php?rest_route=\/wp\/v2\/types\/post"}],"author":[{"embeddable":true,"href":"https:\/\/solidaridadnews.com\/index.php?rest_route=\/wp\/v2\/users\/1"}],"replies":[{"embeddable":true,"href":"https:\/\/solidaridadnews.com\/index.php?rest_route=%2Fwp%2Fv2%2Fcomments&post=32676"}],"version-history":[{"count":1,"href":"https:\/\/solidaridadnews.com\/index.php?rest_route=\/wp\/v2\/posts\/32676\/revisions"}],"predecessor-version":[{"id":32677,"href":"https:\/\/solidaridadnews.com\/index.php?rest_route=\/wp\/v2\/posts\/32676\/revisions\/32677"}],"wp:featuredmedia":[{"embeddable":true,"href":"https:\/\/solidaridadnews.com\/index.php?rest_route=\/wp\/v2\/media\/32678"}],"wp:attachment":[{"href":"https:\/\/solidaridadnews.com\/index.php?rest_route=%2Fwp%2Fv2%2Fmedia&parent=32676"}],"wp:term":[{"taxonomy":"category","embeddable":true,"href":"https:\/\/solidaridadnews.com\/index.php?rest_route=%2Fwp%2Fv2%2Fcategories&post=32676"},{"taxonomy":"post_tag","embeddable":true,"href":"https:\/\/solidaridadnews.com\/index.php?rest_route=%2Fwp%2Fv2%2Ftags&post=32676"}],"curies":[{"name":"wp","href":"https:\/\/api.w.org\/{rel}","templated":true}]}}