{"id":32673,"date":"2024-04-07T10:44:04","date_gmt":"2024-04-07T15:44:04","guid":{"rendered":"https:\/\/solidaridadnews.com\/?p=32673"},"modified":"2024-04-07T15:44:05","modified_gmt":"2024-04-07T15:44:05","slug":"lafc-vence-a-la-galaxy-en-el-primer-clasico-de-el-trafico-sin-carlos-vela","status":"publish","type":"post","link":"https:\/\/solidaridadnews.com\/?p=32673","title":{"rendered":"LAFC vence a LA Galaxy en el primer cl\u00e1sico de \u2018El Tr\u00e1fico\u2019 sin Carlos Vela"},"content":{"rendered":"<p>En el 2018 lleg\u00f3 a la MLS LAFC, una de las m\u00e1s recientes franquicias creadas en el f\u00fatbol de los Estados Unidos y en su momento eligieron al mexicano Carlos Vela para que fuera el emblema de este nuevo club, pero luego de seis a\u00f1os esa relaci\u00f3n ya no existe m\u00e1s y este s\u00e1bado se llev\u00f3 a cabo el primer cl\u00e1sico de &#8216;El Tr\u00e1fico&#8217; sin Carlos Vela.<\/p>\n<p>El LAFC sin lugar a dudas est\u00e1 resintiendo la salida del mexicano y est\u00e1n teniendo el peor inicio de torneo en su historia, pero a pesar de eso les alcanz\u00f3 para vencer una vez las al Galaxy, qui\u00e9n hasta antes de este partido se encontraban invictos en la temporada.<\/p>\n<p>El duelo se defini\u00f3 desde la primera mitad, muy temprano en el encuentro LAFC se puso arriba en el marcador al 4&#8242; gracias a Tillman y a pesar de que Galaxy logr\u00f3 empatar el encuentro al 29&#8242;, unos minutos despu\u00e9s el equipo m\u00e1s joven de Los Angeles volvi\u00f3 a tomar ventaja gracias a la v\u00eda penal.<\/p>\n<p>Por otra parte, el joven mexicano Omar Campos, quien recientemente firm\u00f3 con LAFC procedente de Santos Laguna, no vio actividad en este partido y se qued\u00f3 en el banquillo de suplentes los 90 minutos.<\/p>\n<p>Vela dej\u00f3 una paternidad del LAFC sobre el Galaxy, pues de los \u00faltimos seis enfrentamientos entre ambos, LAFC se hab\u00eda llevado la victoria en cuatro ocasiones, racha que aumenta a cinco victorias, pero ahora ya sin Vela en el equipo.<\/p>\n<p>&nbsp;<\/p>\n","protected":false},"excerpt":{"rendered":"<p>En el 2018 lleg\u00f3 a la MLS LAFC, una de las m\u00e1s recientes franquicias creadas en el f\u00fatbol de los Estados Unidos y en su momento eligieron al mexicano Carlos Vela para que fuera el emblema de este nuevo club, pero luego de seis a\u00f1os esa relaci\u00f3n ya no existe m\u00e1s y este s\u00e1bado se [&hellip;]<\/p>\n","protected":false},"author":1,"featured_media":32675,"comment_status":"open","ping_status":"closed","sticky":false,"template":"","format":"standard","meta":{"footnotes":""},"categories":[6],"tags":[],"class_list":["post-32673","post","type-post","status-publish","format-standard","has-post-thumbnail","hentry","category-deportes"],"_links":{"self":[{"href":"https:\/\/solidaridadnews.com\/index.php?rest_route=\/wp\/v2\/posts\/32673","targetHints":{"allow":["GET"]}}],"collection":[{"href":"https:\/\/solidaridadnews.com\/index.php?rest_route=\/wp\/v2\/posts"}],"about":[{"href":"https:\/\/solidaridadnews.com\/index.php?rest_route=\/wp\/v2\/types\/post"}],"author":[{"embeddable":true,"href":"https:\/\/solidaridadnews.com\/index.php?rest_route=\/wp\/v2\/users\/1"}],"replies":[{"embeddable":true,"href":"https:\/\/solidaridadnews.com\/index.php?rest_route=%2Fwp%2Fv2%2Fcomments&post=32673"}],"version-history":[{"count":1,"href":"https:\/\/solidaridadnews.com\/index.php?rest_route=\/wp\/v2\/posts\/32673\/revisions"}],"predecessor-version":[{"id":32674,"href":"https:\/\/solidaridadnews.com\/index.php?rest_route=\/wp\/v2\/posts\/32673\/revisions\/32674"}],"wp:featuredmedia":[{"embeddable":true,"href":"https:\/\/solidaridadnews.com\/index.php?rest_route=\/wp\/v2\/media\/32675"}],"wp:attachment":[{"href":"https:\/\/solidaridadnews.com\/index.php?rest_route=%2Fwp%2Fv2%2Fmedia&parent=32673"}],"wp:term":[{"taxonomy":"category","embeddable":true,"href":"https:\/\/solidaridadnews.com\/index.php?rest_route=%2Fwp%2Fv2%2Fcategories&post=32673"},{"taxonomy":"post_tag","embeddable":true,"href":"https:\/\/solidaridadnews.com\/index.php?rest_route=%2Fwp%2Fv2%2Ftags&post=32673"}],"curies":[{"name":"wp","href":"https:\/\/api.w.org\/{rel}","templated":true}]}}