{"id":32664,"date":"2024-04-06T18:05:25","date_gmt":"2024-04-06T23:05:25","guid":{"rendered":"https:\/\/solidaridadnews.com\/?p=32664"},"modified":"2024-04-06T23:05:26","modified_gmt":"2024-04-06T23:05:26","slug":"dos-incendios-forestales-afectan-a-playa-del-carmen","status":"publish","type":"post","link":"https:\/\/solidaridadnews.com\/?p=32664","title":{"rendered":"Dos incendios forestales afectan a Playa del Carmen"},"content":{"rendered":"<p>Dos incendios forestales activos se registran en el municipio de Solidaridad, luego de la quema de maleza que se sali\u00f3 de control, inform\u00f3 Alejandro Contreras D\u00edaz , director de Bomberos.<\/p>\n<p>Bomberos recibi\u00f3 cuatro reportes que fueron atendidos<br \/>\nEl funcionario explic\u00f3 que el jueves 4 de abril tuvieron cuatro reportes de incendios de maleza y \u00e1reas verdes, las cuales, asegur\u00f3, todos fueron atendidos, entre ellos en predios ejidales y la zona de Flamboyanes.<\/p>\n<p>El director explic\u00f3 que la conflagraci\u00f3n de la zona ejidal fue provocada, ya que los est\u00e1n limpiando para posteriormente venderlos.<\/p>\n<p>En la zona ejidal est\u00e1 controlado en un 85%<br \/>\nDijo que este incendio tiene controlado en un 85% y liquidado en un 80% utilizando m\u00e1s de 100 mil litros de agua potable.<\/p>\n<p>Asimismo, invit\u00f3 a la poblaci\u00f3n a evitar realizar este tipo de quemas, y si las van a realizar que tengan los permisos y precauciones necesarias .<\/p>\n","protected":false},"excerpt":{"rendered":"<p>Dos incendios forestales activos se registran en el municipio de Solidaridad, luego de la quema de maleza que se sali\u00f3 de control, inform\u00f3 Alejandro Contreras D\u00edaz , director de Bomberos. Bomberos recibi\u00f3 cuatro reportes que fueron atendidos El funcionario explic\u00f3 que el jueves 4 de abril tuvieron cuatro reportes de incendios de maleza y \u00e1reas [&hellip;]<\/p>\n","protected":false},"author":1,"featured_media":32666,"comment_status":"open","ping_status":"closed","sticky":false,"template":"","format":"standard","meta":{"footnotes":""},"categories":[4],"tags":[],"class_list":["post-32664","post","type-post","status-publish","format-standard","has-post-thumbnail","hentry","category-local"],"_links":{"self":[{"href":"https:\/\/solidaridadnews.com\/index.php?rest_route=\/wp\/v2\/posts\/32664","targetHints":{"allow":["GET"]}}],"collection":[{"href":"https:\/\/solidaridadnews.com\/index.php?rest_route=\/wp\/v2\/posts"}],"about":[{"href":"https:\/\/solidaridadnews.com\/index.php?rest_route=\/wp\/v2\/types\/post"}],"author":[{"embeddable":true,"href":"https:\/\/solidaridadnews.com\/index.php?rest_route=\/wp\/v2\/users\/1"}],"replies":[{"embeddable":true,"href":"https:\/\/solidaridadnews.com\/index.php?rest_route=%2Fwp%2Fv2%2Fcomments&post=32664"}],"version-history":[{"count":1,"href":"https:\/\/solidaridadnews.com\/index.php?rest_route=\/wp\/v2\/posts\/32664\/revisions"}],"predecessor-version":[{"id":32665,"href":"https:\/\/solidaridadnews.com\/index.php?rest_route=\/wp\/v2\/posts\/32664\/revisions\/32665"}],"wp:featuredmedia":[{"embeddable":true,"href":"https:\/\/solidaridadnews.com\/index.php?rest_route=\/wp\/v2\/media\/32666"}],"wp:attachment":[{"href":"https:\/\/solidaridadnews.com\/index.php?rest_route=%2Fwp%2Fv2%2Fmedia&parent=32664"}],"wp:term":[{"taxonomy":"category","embeddable":true,"href":"https:\/\/solidaridadnews.com\/index.php?rest_route=%2Fwp%2Fv2%2Fcategories&post=32664"},{"taxonomy":"post_tag","embeddable":true,"href":"https:\/\/solidaridadnews.com\/index.php?rest_route=%2Fwp%2Fv2%2Ftags&post=32664"}],"curies":[{"name":"wp","href":"https:\/\/api.w.org\/{rel}","templated":true}]}}