{"id":32661,"date":"2024-04-06T17:35:34","date_gmt":"2024-04-06T22:35:34","guid":{"rendered":"https:\/\/solidaridadnews.com\/?p=32661"},"modified":"2024-04-06T22:35:35","modified_gmt":"2024-04-06T22:35:35","slug":"greta-thunberg-es-detenida-dos-veces-durante-una-protesta-climatica-en-paises-bajos","status":"publish","type":"post","link":"https:\/\/solidaridadnews.com\/?p=32661","title":{"rendered":"Greta Thunberg es detenida dos veces durante una protesta clim\u00e1tica en Pa\u00edses Bajos"},"content":{"rendered":"<p>La activista clim\u00e1tica Greta Thunberg fue detenida dos veces por la polic\u00eda neerlandesa el s\u00e1bado durante una protesta en La Haya contra las subvenciones a los combustibles f\u00f3siles. Thunberg, de 21 a\u00f1os, fue liberada tras su segunda detenci\u00f3n, inform\u00f3 Rozermarijn van&#8217;t Einde, vocera del grupo ecologista Extinction Rebellion (XR).<\/p>\n<p>La prensa pudo captar a la activista y a otros manifestantes de Extinction Rebellion sentados en un autob\u00fas, mientras la polic\u00eda proced\u00eda a m\u00e1s arrestos. M\u00e1s de 400 manifestantes fueron detenidos, seg\u00fan el cuerpo armado.<\/p>\n<p>Thunberg se uni\u00f3 antes a varios centenares de manifestantes que caminaron desde el centro de La Haya hasta un campo situado junto a la autopista A12 que sale de la ciudad. Decenas de agentes de polic\u00eda, algunos de ellos a caballo, impidieron que el grupo accediera a la autopista.<\/p>\n<p>Portando banderas XR y pancartas en las que se le\u00eda \u00ab\u00a1Paren ya las subvenciones a los combustibles!\u00bb y \u00ab\u00a1El planeta se est\u00e1 muriendo!\u00bb, los manifestantes se enzarzaron en un tenso enfrentamiento con la polic\u00eda, que form\u00f3 un muro humano. Algunos manifestantes encontraron otra ruta y bloquearon otra v\u00eda cercana a la autopista, que conecta la ciudad costera de La Haya con la ciudad central de Utrecht.<\/p>\n<p>\u00abEs importante manifestar hoy porque vivimos en un estado de emergencia planetaria\u00bb, declar\u00f3 Thunberg a la agencia AFP antes de su primer su arresto. \u00abDebemos hacer todo lo posible para evitar esa crisis y salvar vidas\u00bb, a\u00f1adi\u00f3.<\/p>\n<p>Contactada por tel\u00e9fono, declar\u00f3 a la agencia de prensa neerlandesa ANP que su detenci\u00f3n se hab\u00eda producido \u00abcon calma\u00bb. Poco despu\u00e9s, Thunberg y otros activistas volvieron al lugar de la manifestaci\u00f3n y fueron detenidos de nuevo, esta vez por bloquear el tr\u00e1fico en un cruce.<\/p>\n<p>Todav\u00eda no se han presentado cargos contra los manifestantes, declar\u00f3 Vincent Veenman, portavoz de la fiscal\u00eda. Thunberg gan\u00f3 notoriedad mundial con sus \u00abhuelgas escolares por el clima\u00bb, que comenzaron cuando ten\u00eda 15 a\u00f1os.<\/p>\n<p>dmr<\/p>\n","protected":false},"excerpt":{"rendered":"<p>La activista clim\u00e1tica Greta Thunberg fue detenida dos veces por la polic\u00eda neerlandesa el s\u00e1bado durante una protesta en La Haya contra las subvenciones a los combustibles f\u00f3siles. Thunberg, de 21 a\u00f1os, fue liberada tras su segunda detenci\u00f3n, inform\u00f3 Rozermarijn van&#8217;t Einde, vocera del grupo ecologista Extinction Rebellion (XR). La prensa pudo captar a la [&hellip;]<\/p>\n","protected":false},"author":1,"featured_media":32663,"comment_status":"open","ping_status":"closed","sticky":false,"template":"","format":"standard","meta":{"footnotes":""},"categories":[9],"tags":[],"class_list":["post-32661","post","type-post","status-publish","format-standard","has-post-thumbnail","hentry","category-internacional"],"_links":{"self":[{"href":"https:\/\/solidaridadnews.com\/index.php?rest_route=\/wp\/v2\/posts\/32661","targetHints":{"allow":["GET"]}}],"collection":[{"href":"https:\/\/solidaridadnews.com\/index.php?rest_route=\/wp\/v2\/posts"}],"about":[{"href":"https:\/\/solidaridadnews.com\/index.php?rest_route=\/wp\/v2\/types\/post"}],"author":[{"embeddable":true,"href":"https:\/\/solidaridadnews.com\/index.php?rest_route=\/wp\/v2\/users\/1"}],"replies":[{"embeddable":true,"href":"https:\/\/solidaridadnews.com\/index.php?rest_route=%2Fwp%2Fv2%2Fcomments&post=32661"}],"version-history":[{"count":1,"href":"https:\/\/solidaridadnews.com\/index.php?rest_route=\/wp\/v2\/posts\/32661\/revisions"}],"predecessor-version":[{"id":32662,"href":"https:\/\/solidaridadnews.com\/index.php?rest_route=\/wp\/v2\/posts\/32661\/revisions\/32662"}],"wp:featuredmedia":[{"embeddable":true,"href":"https:\/\/solidaridadnews.com\/index.php?rest_route=\/wp\/v2\/media\/32663"}],"wp:attachment":[{"href":"https:\/\/solidaridadnews.com\/index.php?rest_route=%2Fwp%2Fv2%2Fmedia&parent=32661"}],"wp:term":[{"taxonomy":"category","embeddable":true,"href":"https:\/\/solidaridadnews.com\/index.php?rest_route=%2Fwp%2Fv2%2Fcategories&post=32661"},{"taxonomy":"post_tag","embeddable":true,"href":"https:\/\/solidaridadnews.com\/index.php?rest_route=%2Fwp%2Fv2%2Ftags&post=32661"}],"curies":[{"name":"wp","href":"https:\/\/api.w.org\/{rel}","templated":true}]}}