{"id":32658,"date":"2024-04-06T17:16:03","date_gmt":"2024-04-06T22:16:03","guid":{"rendered":"https:\/\/solidaridadnews.com\/?p=32658"},"modified":"2024-04-06T22:16:05","modified_gmt":"2024-04-06T22:16:05","slug":"lopez-obrador-agradece-apoyo-internacional-tras-irrupcion-en-embajada-mexicana-en-ecuador","status":"publish","type":"post","link":"https:\/\/solidaridadnews.com\/?p=32658","title":{"rendered":"L\u00f3pez Obrador agradece apoyo internacional tras irrupci\u00f3n en embajada mexicana en Ecuador"},"content":{"rendered":"<p>El presidente de M\u00e9xico, Andr\u00e9s Manuel L\u00f3pez Obrador agradeci\u00f3 a la comunidad internacional la solidaridad ante el asalto de la polic\u00eda de Ecuador a la embajada de M\u00e9xico en Ecuador.<\/p>\n<p>A trav\u00e9s de su cuenta de X, el Ejecutivo Federal agradeci\u00f3 a mandatarios, dirigentes y organizaciones civiles la solidaridad que se tiene con M\u00e9xico en estos momentos de crisis diplom\u00e1tica.<\/p>\n<p>\u201cAgradecemos la solidaridad de mandatarios, dirigentes y organizaciones civiles de distintos pa\u00edses y del nuestro tras el asalto de la Embajada de M\u00e9xico en Ecuador\u201d.<\/p>\n<p>Reiter\u00f3 el respeto a los ciudadanos de Ecuador y pidi\u00f3 a los mexicanos radicados en la naci\u00f3n sudamericana comportarse con prudencia y evadir el acoso para evitar alg\u00fan tipo de provocaci\u00f3n.<\/p>\n<p>\u201cRespetamos al pueblo hermano de ese pa\u00eds y a nuestros connacionales les pedimos comportarse con mucha prudencia para evadir el acoso y no caer en ninguna provocaci\u00f3n\u201d.<\/p>\n<p>Agreg\u00f3 que el gobierno de M\u00e9xico est\u00e1 pendiente de los diplom\u00e1ticos que se encuentran en Ecuador y les asegur\u00f3 que no se encuentran solos, qu\u00e9 han dado muestra de decoro, dignidad.<\/p>\n<p>\u201cEstamos pendientes de los diplom\u00e1ticos de nuestra patria, no est\u00e1n solos. Han dado muestra de dignidad y decoro, como qued\u00f3 de manifiesto con la actitud de Raquel Serur, nuestra embajadora, y de Roberto Canseco, jefe de canciller\u00eda de la embajada. Alicia B\u00e1rcena, secretaria de Relaciones Exteriores, est\u00e1 conduciendo de manera profesional y eficaz este penoso asunto\u201d.<\/p>\n<p>El mensaje de agradecimiento del presidente Andr\u00e9s Manuel L\u00f3pez Obrador, se da en el marco del asalto de la polic\u00eda de Ecuador para detener al exvicepresidente Jorge Glas, despu\u00e9s de que el gobierno de M\u00e9xico le concediera el asilo pol\u00edtico.<\/p>\n","protected":false},"excerpt":{"rendered":"<p>El presidente de M\u00e9xico, Andr\u00e9s Manuel L\u00f3pez Obrador agradeci\u00f3 a la comunidad internacional la solidaridad ante el asalto de la polic\u00eda de Ecuador a la embajada de M\u00e9xico en Ecuador. A trav\u00e9s de su cuenta de X, el Ejecutivo Federal agradeci\u00f3 a mandatarios, dirigentes y organizaciones civiles la solidaridad que se tiene con M\u00e9xico en [&hellip;]<\/p>\n","protected":false},"author":1,"featured_media":32660,"comment_status":"open","ping_status":"closed","sticky":false,"template":"","format":"standard","meta":{"footnotes":""},"categories":[2],"tags":[],"class_list":["post-32658","post","type-post","status-publish","format-standard","has-post-thumbnail","hentry","category-nacional"],"_links":{"self":[{"href":"https:\/\/solidaridadnews.com\/index.php?rest_route=\/wp\/v2\/posts\/32658","targetHints":{"allow":["GET"]}}],"collection":[{"href":"https:\/\/solidaridadnews.com\/index.php?rest_route=\/wp\/v2\/posts"}],"about":[{"href":"https:\/\/solidaridadnews.com\/index.php?rest_route=\/wp\/v2\/types\/post"}],"author":[{"embeddable":true,"href":"https:\/\/solidaridadnews.com\/index.php?rest_route=\/wp\/v2\/users\/1"}],"replies":[{"embeddable":true,"href":"https:\/\/solidaridadnews.com\/index.php?rest_route=%2Fwp%2Fv2%2Fcomments&post=32658"}],"version-history":[{"count":1,"href":"https:\/\/solidaridadnews.com\/index.php?rest_route=\/wp\/v2\/posts\/32658\/revisions"}],"predecessor-version":[{"id":32659,"href":"https:\/\/solidaridadnews.com\/index.php?rest_route=\/wp\/v2\/posts\/32658\/revisions\/32659"}],"wp:featuredmedia":[{"embeddable":true,"href":"https:\/\/solidaridadnews.com\/index.php?rest_route=\/wp\/v2\/media\/32660"}],"wp:attachment":[{"href":"https:\/\/solidaridadnews.com\/index.php?rest_route=%2Fwp%2Fv2%2Fmedia&parent=32658"}],"wp:term":[{"taxonomy":"category","embeddable":true,"href":"https:\/\/solidaridadnews.com\/index.php?rest_route=%2Fwp%2Fv2%2Fcategories&post=32658"},{"taxonomy":"post_tag","embeddable":true,"href":"https:\/\/solidaridadnews.com\/index.php?rest_route=%2Fwp%2Fv2%2Ftags&post=32658"}],"curies":[{"name":"wp","href":"https:\/\/api.w.org\/{rel}","templated":true}]}}