{"id":32652,"date":"2024-04-06T08:31:29","date_gmt":"2024-04-06T13:31:29","guid":{"rendered":"https:\/\/solidaridadnews.com\/?p=32652"},"modified":"2024-04-06T13:31:31","modified_gmt":"2024-04-06T13:31:31","slug":"cubo-torres-compartio-que-llegaba-tarde-a-clases-para-ver-entrenar-a-chicharito","status":"publish","type":"post","link":"https:\/\/solidaridadnews.com\/?p=32652","title":{"rendered":"\u2018Cubo\u2019 Torres comparti\u00f3 que llegaba tarde a clases para ver entrenar a \u2018Chicharito\u2019"},"content":{"rendered":"<p>El delantero mexicano \u00c9rick \u2018Cubo\u2019 Torres revel\u00f3 que aunque no le toc\u00f3 compartir vestidor con \u00e9l en Chivas, Javier \u2018Chicharito\u2019 Hern\u00e1ndez siempre ha sido su \u00eddolo, motivo por lo que en fuerzas b\u00e1sicas en ocasiones llegaba tarde a clases para ver los entrenamientos de \u2018CH14\u2019 y Omar Bravo en Verde Valle.<\/p>\n<p>\u201cYo sab\u00eda que era dif\u00edcil que regresara saliendo de Manchester United; iba a ser dif\u00edcil. En Chivas no me toc\u00f3 compartir con \u00e9l, me gustaba mucho quedarme a ver los entrenamientos de Primera Divisi\u00f3n, recuerdo que a veces en Educare (Escuela de Chivas) llegaba tarde a clases por quedarme a ver los entrenamientos; ver c\u00f3mo entrenaba \u2018Chicharito\u2019 y Omar Bravo, pero no conviv\u00ed con \u00e9l en entrenamientos\u201d, se\u00f1al\u00f3.<\/p>\n<p>De igual manera, el \u2018Cubo\u2019 Torres reconoci\u00f3 que fue un sue\u00f1o hecho realidad compartir vestidor con \u2018Chicharito\u2019 en Selecci\u00f3n Mexicana, por lo que a\u00fan no pierde la esperanza de volver a compartir vestidor con \u00e9l en Chivas. \u201cFue en Selecci\u00f3n Mexicana con Miguel Herrera cuando pude compartir un poco m\u00e1s. Le aprend\u00ed mucho en los entrenamientos, c\u00f3mo trabajaba y se quedaba a la definici\u00f3n\u00bb.<\/p>\n<p>\u00abFue un sue\u00f1o hecho realidad, tengo mucho que no habl\u00f3 con \u00e9l, pero es un \u00eddolo; es un referente del futbol mexicano. Ahora que regres\u00f3 est\u00e1 aportando bastante, ojal\u00e1 que, si antes no me toc\u00f3 compartir vestidor con \u00e9l, ahora me toque; que yo regrese a Chivas para estar con \u00e9l\u201d agreg\u00f3.<\/p>\n<p>Bofo y M\u00edchel le ayudaron en su carrera<br \/>\nEl delantero de Herediano de Costa Rica asegur\u00f3 que Luis M\u00edchel y Adolfo Bautista fueron claves en su carrera, ya que le ayudaron con el tema extra cancha y a manejar de manera correcta su dinero. \u201cA m\u00ed me ayud\u00f3 bastante acercarme a los elementos de experiencia de Chivas, Luis Michel, Adolfo Bautista\u00bb.<\/p>\n<p>\u00abVe\u00eda c\u00f3mo se comportaba, c\u00f3mo era profesional y afrontaba los partidos, pero me un\u00ed a la gente de experiencia; me ayud\u00f3 a m\u00ed a tener los pies en la tierra, a invertir mi dinero en bienes ra\u00edces o seguros, porque al ser joven no conoces, de seguros o comprar un terreno\u201d, explic\u00f3.<\/p>\n<p>\u201cYo dorm\u00eda con el \u2018Bofo\u2019 y a veces llegaba una persona a la habitaci\u00f3n y habla con \u00e9l de negocios y yo escuchaba y le ped\u00eda consejos a \u00e9l, y me dec\u00eda que era lo que pod\u00eda hacer y me aconsejaba no comprar carros de lujo, me ayudaron a invertir de buena manera mi dinero\u201d, concluy\u00f3.<\/p>\n","protected":false},"excerpt":{"rendered":"<p>El delantero mexicano \u00c9rick \u2018Cubo\u2019 Torres revel\u00f3 que aunque no le toc\u00f3 compartir vestidor con \u00e9l en Chivas, Javier \u2018Chicharito\u2019 Hern\u00e1ndez siempre ha sido su \u00eddolo, motivo por lo que en fuerzas b\u00e1sicas en ocasiones llegaba tarde a clases para ver los entrenamientos de \u2018CH14\u2019 y Omar Bravo en Verde Valle. \u201cYo sab\u00eda que era [&hellip;]<\/p>\n","protected":false},"author":1,"featured_media":32654,"comment_status":"open","ping_status":"closed","sticky":false,"template":"","format":"standard","meta":{"footnotes":""},"categories":[6],"tags":[],"class_list":["post-32652","post","type-post","status-publish","format-standard","has-post-thumbnail","hentry","category-deportes"],"_links":{"self":[{"href":"https:\/\/solidaridadnews.com\/index.php?rest_route=\/wp\/v2\/posts\/32652","targetHints":{"allow":["GET"]}}],"collection":[{"href":"https:\/\/solidaridadnews.com\/index.php?rest_route=\/wp\/v2\/posts"}],"about":[{"href":"https:\/\/solidaridadnews.com\/index.php?rest_route=\/wp\/v2\/types\/post"}],"author":[{"embeddable":true,"href":"https:\/\/solidaridadnews.com\/index.php?rest_route=\/wp\/v2\/users\/1"}],"replies":[{"embeddable":true,"href":"https:\/\/solidaridadnews.com\/index.php?rest_route=%2Fwp%2Fv2%2Fcomments&post=32652"}],"version-history":[{"count":1,"href":"https:\/\/solidaridadnews.com\/index.php?rest_route=\/wp\/v2\/posts\/32652\/revisions"}],"predecessor-version":[{"id":32653,"href":"https:\/\/solidaridadnews.com\/index.php?rest_route=\/wp\/v2\/posts\/32652\/revisions\/32653"}],"wp:featuredmedia":[{"embeddable":true,"href":"https:\/\/solidaridadnews.com\/index.php?rest_route=\/wp\/v2\/media\/32654"}],"wp:attachment":[{"href":"https:\/\/solidaridadnews.com\/index.php?rest_route=%2Fwp%2Fv2%2Fmedia&parent=32652"}],"wp:term":[{"taxonomy":"category","embeddable":true,"href":"https:\/\/solidaridadnews.com\/index.php?rest_route=%2Fwp%2Fv2%2Fcategories&post=32652"},{"taxonomy":"post_tag","embeddable":true,"href":"https:\/\/solidaridadnews.com\/index.php?rest_route=%2Fwp%2Fv2%2Ftags&post=32652"}],"curies":[{"name":"wp","href":"https:\/\/api.w.org\/{rel}","templated":true}]}}