{"id":32646,"date":"2024-04-05T12:28:04","date_gmt":"2024-04-05T17:28:04","guid":{"rendered":"https:\/\/solidaridadnews.com\/?p=32646"},"modified":"2024-04-05T17:28:06","modified_gmt":"2024-04-05T17:28:06","slug":"alberca-olimpica-de-playa-del-carmen-cuna-de-campeones-recibe-mantenimiento","status":"publish","type":"post","link":"https:\/\/solidaridadnews.com\/?p=32646","title":{"rendered":"Alberca Ol\u00edmpica de Playa del Carmen cuna de campeones, recibe mantenimiento"},"content":{"rendered":"<p>La Alberca Ol\u00edmpica de Playa del Carmen ubicada en la Unidad Deportiva \u2018Riviera Maya\u2019 es una cuna de campeones y campeonas albergando la Natacion Libre y la Nataci\u00f3n Art\u00edstica, adem\u00e1s de recibir a los adultos mayores del DIF de Solidaridad que practican dicha disciplina y la sinergia con AMEXME con el carril rosa.<\/p>\n<p>El ic\u00f3nico inmueble con gran demanda al ser la una de las dos piscinas municipales, al no haber inmueble estatal para esta especialidad deportiva, que ha sido sede de eventos municipales, estatales y nacionales estar\u00e1 se informa que estar\u00e1 cerrado este fin de semana por trabajos de mantenimiento que son parte de la programaci\u00f3n responsable de la administraci\u00f3n del inmueble; y que por indicaciones de la presidenta municipal Lili Campos durante su gobierno ha tenido como una de sus prioridades el deporte.<\/p>\n<p>En dicho inmueble acu\u00e1tico se han forjado destacados nadadores y ondinas que ha cosechado \u00e9xitos a nivel local, nacional e internacional y ha dado medallas a Solidaridad y a Quintana Roo en los Juegos Nacionales CONADE.<\/p>\n<p>\u201cA la comunidad deportiva. Les informamos que la alberca ol\u00edmpica de la Unidad Deportiva \u2018Riviera Maya\u2019 estar\u00e1 cerrada a partir de las 12:00 horas del viernes 5 de abril, ya que se le realizar\u00e1n trabajos de mantenimiento, por lo que el lunes 8 estar\u00e1 abierta para los usuarios en horario normal. Agradecemos su comprensi\u00f3n\u201d, inform\u00f3 a trav\u00e9s de sus redes sociales el Instituto del Deporte Municipal.<\/p>\n<p>Cabe destacar que la Alberca Ol\u00edmpica de Playa del Carmen es parte de la gran variedad de espacios deportivos de primer nivel con los que cuenta Solidaridad, tanto en la cabecera municipal, como en Puerto Aventuras.<\/p>\n","protected":false},"excerpt":{"rendered":"<p>La Alberca Ol\u00edmpica de Playa del Carmen ubicada en la Unidad Deportiva \u2018Riviera Maya\u2019 es una cuna de campeones y campeonas albergando la Natacion Libre y la Nataci\u00f3n Art\u00edstica, adem\u00e1s de recibir a los adultos mayores del DIF de Solidaridad que practican dicha disciplina y la sinergia con AMEXME con el carril rosa. El ic\u00f3nico [&hellip;]<\/p>\n","protected":false},"author":1,"featured_media":32648,"comment_status":"open","ping_status":"closed","sticky":false,"template":"","format":"standard","meta":{"footnotes":""},"categories":[4],"tags":[],"class_list":["post-32646","post","type-post","status-publish","format-standard","has-post-thumbnail","hentry","category-local"],"_links":{"self":[{"href":"https:\/\/solidaridadnews.com\/index.php?rest_route=\/wp\/v2\/posts\/32646","targetHints":{"allow":["GET"]}}],"collection":[{"href":"https:\/\/solidaridadnews.com\/index.php?rest_route=\/wp\/v2\/posts"}],"about":[{"href":"https:\/\/solidaridadnews.com\/index.php?rest_route=\/wp\/v2\/types\/post"}],"author":[{"embeddable":true,"href":"https:\/\/solidaridadnews.com\/index.php?rest_route=\/wp\/v2\/users\/1"}],"replies":[{"embeddable":true,"href":"https:\/\/solidaridadnews.com\/index.php?rest_route=%2Fwp%2Fv2%2Fcomments&post=32646"}],"version-history":[{"count":1,"href":"https:\/\/solidaridadnews.com\/index.php?rest_route=\/wp\/v2\/posts\/32646\/revisions"}],"predecessor-version":[{"id":32647,"href":"https:\/\/solidaridadnews.com\/index.php?rest_route=\/wp\/v2\/posts\/32646\/revisions\/32647"}],"wp:featuredmedia":[{"embeddable":true,"href":"https:\/\/solidaridadnews.com\/index.php?rest_route=\/wp\/v2\/media\/32648"}],"wp:attachment":[{"href":"https:\/\/solidaridadnews.com\/index.php?rest_route=%2Fwp%2Fv2%2Fmedia&parent=32646"}],"wp:term":[{"taxonomy":"category","embeddable":true,"href":"https:\/\/solidaridadnews.com\/index.php?rest_route=%2Fwp%2Fv2%2Fcategories&post=32646"},{"taxonomy":"post_tag","embeddable":true,"href":"https:\/\/solidaridadnews.com\/index.php?rest_route=%2Fwp%2Fv2%2Ftags&post=32646"}],"curies":[{"name":"wp","href":"https:\/\/api.w.org\/{rel}","templated":true}]}}