{"id":32614,"date":"2024-04-04T13:11:15","date_gmt":"2024-04-04T18:11:15","guid":{"rendered":"https:\/\/solidaridadnews.com\/?p=32614"},"modified":"2024-04-04T18:11:16","modified_gmt":"2024-04-04T18:11:16","slug":"anuncia-relaciones-exteriores-apertura-de-oficina-en-el-aeropuerto-felipe-carrillo-puerto","status":"publish","type":"post","link":"https:\/\/solidaridadnews.com\/?p=32614","title":{"rendered":"Anuncia Relaciones Exteriores apertura de oficina en el Aeropuerto \u2018Felipe Carrillo Puerto\u2019"},"content":{"rendered":"<p>El Aeropuerto Internacional de Tulum \u201cFelipe Carrillo Puerto\u201d contar\u00e1 con una oficina de la Secretar\u00eda de Relaciones Exteriores, para que ciudadanos mexicanos puedan tramitar su pasaporte, a partir del 15 de abril.<\/p>\n<p>Antes de la inauguraci\u00f3n de esta terminal a\u00e9rea, el a\u00f1o pasado, la gobernadora Mara Lezama Espinosa revel\u00f3 que, a petici\u00f3n de la Asociaci\u00f3n de Hoteles de Tulum, se hab\u00edan hecho las gestiones para que este aeropuerto contara con dicha oficina, que no solo ayudar\u00eda a viajeros, sino a la poblaci\u00f3n en general de este municipio y de otros cercanos, para la obtenci\u00f3n de pasaportes, as\u00ed como otros servicios, como la legalizaci\u00f3n de documentos internacionales.<\/p>\n<p>De acuerdo a la informaci\u00f3n de la Secretar\u00eda de Relaciones Exteriores, esta oficina abrir\u00e1 de lunes a viernes, en horario de 8 a 18 horas.<br \/>\nOtros tres aeropuertos mexicanos tambi\u00e9n cuentan con oficinas de la SRE: el de Tijuana y los dos de la Ciudad de M\u00e9xico (Benito Ju\u00e1rez y Felipe \u00c1ngeles).<\/p>\n","protected":false},"excerpt":{"rendered":"<p>El Aeropuerto Internacional de Tulum \u201cFelipe Carrillo Puerto\u201d contar\u00e1 con una oficina de la Secretar\u00eda de Relaciones Exteriores, para que ciudadanos mexicanos puedan tramitar su pasaporte, a partir del 15 de abril. Antes de la inauguraci\u00f3n de esta terminal a\u00e9rea, el a\u00f1o pasado, la gobernadora Mara Lezama Espinosa revel\u00f3 que, a petici\u00f3n de la Asociaci\u00f3n [&hellip;]<\/p>\n","protected":false},"author":1,"featured_media":32616,"comment_status":"open","ping_status":"closed","sticky":false,"template":"","format":"standard","meta":{"footnotes":""},"categories":[4],"tags":[],"class_list":["post-32614","post","type-post","status-publish","format-standard","has-post-thumbnail","hentry","category-local"],"_links":{"self":[{"href":"https:\/\/solidaridadnews.com\/index.php?rest_route=\/wp\/v2\/posts\/32614","targetHints":{"allow":["GET"]}}],"collection":[{"href":"https:\/\/solidaridadnews.com\/index.php?rest_route=\/wp\/v2\/posts"}],"about":[{"href":"https:\/\/solidaridadnews.com\/index.php?rest_route=\/wp\/v2\/types\/post"}],"author":[{"embeddable":true,"href":"https:\/\/solidaridadnews.com\/index.php?rest_route=\/wp\/v2\/users\/1"}],"replies":[{"embeddable":true,"href":"https:\/\/solidaridadnews.com\/index.php?rest_route=%2Fwp%2Fv2%2Fcomments&post=32614"}],"version-history":[{"count":1,"href":"https:\/\/solidaridadnews.com\/index.php?rest_route=\/wp\/v2\/posts\/32614\/revisions"}],"predecessor-version":[{"id":32615,"href":"https:\/\/solidaridadnews.com\/index.php?rest_route=\/wp\/v2\/posts\/32614\/revisions\/32615"}],"wp:featuredmedia":[{"embeddable":true,"href":"https:\/\/solidaridadnews.com\/index.php?rest_route=\/wp\/v2\/media\/32616"}],"wp:attachment":[{"href":"https:\/\/solidaridadnews.com\/index.php?rest_route=%2Fwp%2Fv2%2Fmedia&parent=32614"}],"wp:term":[{"taxonomy":"category","embeddable":true,"href":"https:\/\/solidaridadnews.com\/index.php?rest_route=%2Fwp%2Fv2%2Fcategories&post=32614"},{"taxonomy":"post_tag","embeddable":true,"href":"https:\/\/solidaridadnews.com\/index.php?rest_route=%2Fwp%2Fv2%2Ftags&post=32614"}],"curies":[{"name":"wp","href":"https:\/\/api.w.org\/{rel}","templated":true}]}}