{"id":32611,"date":"2024-04-04T12:43:45","date_gmt":"2024-04-04T17:43:45","guid":{"rendered":"https:\/\/solidaridadnews.com\/?p=32611"},"modified":"2024-04-04T17:43:46","modified_gmt":"2024-04-04T17:43:46","slug":"concluye-junta-de-aclaraciones-sobre-licitacion-para-el-suministro-de-18-trenes-para-linea-1-de-metrorrey","status":"publish","type":"post","link":"https:\/\/solidaridadnews.com\/?p=32611","title":{"rendered":"Concluye junta de aclaraciones sobre licitaci\u00f3n para el suministro de 18 trenes para l\u00ednea 1 de Metrorrey"},"content":{"rendered":"<p>Monterrey, NL. El pasado martes 2 de abril, se llev\u00f3 a cabo la tercera junta de aclaraciones relacionada con la licitaci\u00f3n p\u00fablica internacional para el suministro de 18 trenes articulados climatizados destinados para la l\u00ednea 1 de Metrorrey.<\/p>\n<p>En este encuentro se anunci\u00f3 el cierre de la etapa de aclaraciones y se fij\u00f3 la fecha para la presentaci\u00f3n de propuestas y apertura t\u00e9cnica el pr\u00f3ximo 29 de abril.<\/p>\n<p>En el acta publicada en el Sistema de Compras P\u00fablicas de Nuevo Le\u00f3n, se mencion\u00f3 una pregunta realizada por CRRC Zhuzhou Locomotive Co., LTD, pero no se hizo referencia al otro participante en la licitaci\u00f3n, CAF M\u00e9xico, S.A. de C.V.<\/p>\n<p>Se pregunt\u00f3 al vocero del Sistema de Transporte Colectivo Metrorrey por qu\u00e9 no aparec\u00eda en el acta CAF y respondi\u00f3: \u201cCAF M\u00e9xico, S.A. de C.V, no hizo preguntas pero sigue participando (en la licitaci\u00f3n)\u201d.<\/p>\n<p>Cabe recordar que en la primera junta donde participaron CRRC y CAF M\u00e9xico, uno de los cuestionamientos de las bases por parte de CAF M\u00e9xico, S.A. de C.V., pidi\u00f3 aplazar la entrega de unidades de acuerdo a los est\u00e1ndares del mercado, que ser\u00edan entre 28 y 30 meses, lo cual no fue aceptado por parte del Comit\u00e9 de Adquisiciones, debido a que los trenes \u201cdeben estar disponibles antes del inicio del mundial FIFA 2026\u201d.<\/p>\n<p>Se prosigui\u00f3 con la agenda establecida, dejando claro que la pr\u00f3xima fase del proceso se llevar\u00e1 a cabo el 29 de abril, con la presentaci\u00f3n de propuestas y la apertura t\u00e9cnica.<\/p>\n<p>Esta etapa del proceso de licitaci\u00f3n para la adquisici\u00f3n de trenes para el Sistema de Transporte Colectivo Metrorrey marca un paso significativo en la modernizaci\u00f3n y mejora del sistema de transporte p\u00fablico en la regi\u00f3n. Y se mantiene la expectativa de un proceso transparente y competitivo que garantice la selecci\u00f3n del mejor proveedor para mejorar la movilidad en la ciudad.<\/p>\n","protected":false},"excerpt":{"rendered":"<p>Monterrey, NL. El pasado martes 2 de abril, se llev\u00f3 a cabo la tercera junta de aclaraciones relacionada con la licitaci\u00f3n p\u00fablica internacional para el suministro de 18 trenes articulados climatizados destinados para la l\u00ednea 1 de Metrorrey. En este encuentro se anunci\u00f3 el cierre de la etapa de aclaraciones y se fij\u00f3 la fecha [&hellip;]<\/p>\n","protected":false},"author":1,"featured_media":32613,"comment_status":"open","ping_status":"closed","sticky":false,"template":"","format":"standard","meta":{"footnotes":""},"categories":[2],"tags":[],"class_list":["post-32611","post","type-post","status-publish","format-standard","has-post-thumbnail","hentry","category-nacional"],"_links":{"self":[{"href":"https:\/\/solidaridadnews.com\/index.php?rest_route=\/wp\/v2\/posts\/32611","targetHints":{"allow":["GET"]}}],"collection":[{"href":"https:\/\/solidaridadnews.com\/index.php?rest_route=\/wp\/v2\/posts"}],"about":[{"href":"https:\/\/solidaridadnews.com\/index.php?rest_route=\/wp\/v2\/types\/post"}],"author":[{"embeddable":true,"href":"https:\/\/solidaridadnews.com\/index.php?rest_route=\/wp\/v2\/users\/1"}],"replies":[{"embeddable":true,"href":"https:\/\/solidaridadnews.com\/index.php?rest_route=%2Fwp%2Fv2%2Fcomments&post=32611"}],"version-history":[{"count":1,"href":"https:\/\/solidaridadnews.com\/index.php?rest_route=\/wp\/v2\/posts\/32611\/revisions"}],"predecessor-version":[{"id":32612,"href":"https:\/\/solidaridadnews.com\/index.php?rest_route=\/wp\/v2\/posts\/32611\/revisions\/32612"}],"wp:featuredmedia":[{"embeddable":true,"href":"https:\/\/solidaridadnews.com\/index.php?rest_route=\/wp\/v2\/media\/32613"}],"wp:attachment":[{"href":"https:\/\/solidaridadnews.com\/index.php?rest_route=%2Fwp%2Fv2%2Fmedia&parent=32611"}],"wp:term":[{"taxonomy":"category","embeddable":true,"href":"https:\/\/solidaridadnews.com\/index.php?rest_route=%2Fwp%2Fv2%2Fcategories&post=32611"},{"taxonomy":"post_tag","embeddable":true,"href":"https:\/\/solidaridadnews.com\/index.php?rest_route=%2Fwp%2Fv2%2Ftags&post=32611"}],"curies":[{"name":"wp","href":"https:\/\/api.w.org\/{rel}","templated":true}]}}