{"id":32602,"date":"2024-04-03T14:13:20","date_gmt":"2024-04-03T19:13:20","guid":{"rendered":"https:\/\/solidaridadnews.com\/?p=32602"},"modified":"2024-04-03T19:13:22","modified_gmt":"2024-04-03T19:13:22","slug":"trudeau-reconoce-que-canada-no-puede-absorber-el-elevado-numero-de-extranjeros-en-el-pais","status":"publish","type":"post","link":"https:\/\/solidaridadnews.com\/?p=32602","title":{"rendered":"Trudeau reconoce que Canad\u00e1 no puede absorber el elevado n\u00famero de extranjeros en el pa\u00eds"},"content":{"rendered":"<p>El primer ministro de Canad\u00e1, Justin Trudeau, reconoci\u00f3 que Canad\u00e1 no puede absorber el elevado n\u00famero de migrantes que ha llegado al pa\u00eds en los \u00faltimos a\u00f1os, lo que est\u00e1 causando problemas como la carest\u00eda de la vivienda y la p\u00e9rdida de la calidad de servicios b\u00e1sicos.<\/p>\n<p>Trudeau afirm\u00f3 en una rueda de prensa que por ejemplo la cifra de trabajadores temporales extranjeros en Canad\u00e1 se ha disparado desde que lleg\u00f3 al Gobierno a finales de 2015.<\/p>\n<p>Seg\u00fan los datos ofrecidos por el propio gobernante, mientras que \u201cen 2017 el 2 por ciento de la poblaci\u00f3n canadiense estaba formada por inmigrantes temporales\u201d, en la actualidad la proporci\u00f3n se sit\u00faa en el 7.5 por ciento.<\/p>\n<p>\u201cEs algo que necesitamos controlar\u201d, a\u00f1adi\u00f3 Trudeau.<\/p>\n<p>En las \u00faltimas semanas el Ejecutivo canadiense ha anunciado medidas para reducir el n\u00famero de estudiantes extranjeros que el pa\u00eds acepta, as\u00ed como el de trabajadores temporales for\u00e1neos.<\/p>\n<p>En concreto, el Gobierno de Trudeau quiere reducir la proporci\u00f3n de trabajadores temporales extranjeros al 5 por ciento para 2027.<\/p>\n<p>Seg\u00fan cifras oficiales, en el a\u00f1o 2000 Canad\u00e1 contaba con 111 mil trabajadores temporales extranjeros. Para 2021 esa cifra se hab\u00eda disparado a 770 mil.<\/p>\n<p>Adem\u00e1s, desde el 1 de marzo Canad\u00e1 exige a los turistas mexicanos visa de entrada para detener el aumento de solicitantes de refugio, que han pasado de 260 en 2016 a 23 mil 995 en 2023, una cifra r\u00e9cord.<\/p>\n<p>Fue precisamente el Gobierno de Trudeau en 2016 el que elimin\u00f3 el visado para los mexicanos.<\/p>\n<p>Gracias a la inmigraci\u00f3n, Canad\u00e1 es el pa\u00eds del G7 con el mayor crecimiento demogr\u00e1fico, con un 2.7 por ciento anual. Es el nivel m\u00e1s elevado en el pa\u00eds desde 1957, cuando la explosi\u00f3n de nacimientos en la posguerra y la inmigraci\u00f3n coloc\u00f3 la tasa en el 3.3 por ciento.<\/p>\n<p>La semana pasada, la poblaci\u00f3n canadiense lleg\u00f3 por primera vez en su historia a 41 millones de personas, s\u00f3lo nueve meses despu\u00e9s de alcanzar los 40 millones.<\/p>\n","protected":false},"excerpt":{"rendered":"<p>El primer ministro de Canad\u00e1, Justin Trudeau, reconoci\u00f3 que Canad\u00e1 no puede absorber el elevado n\u00famero de migrantes que ha llegado al pa\u00eds en los \u00faltimos a\u00f1os, lo que est\u00e1 causando problemas como la carest\u00eda de la vivienda y la p\u00e9rdida de la calidad de servicios b\u00e1sicos. Trudeau afirm\u00f3 en una rueda de prensa que [&hellip;]<\/p>\n","protected":false},"author":1,"featured_media":32604,"comment_status":"open","ping_status":"closed","sticky":false,"template":"","format":"standard","meta":{"footnotes":""},"categories":[9],"tags":[],"class_list":["post-32602","post","type-post","status-publish","format-standard","has-post-thumbnail","hentry","category-internacional"],"_links":{"self":[{"href":"https:\/\/solidaridadnews.com\/index.php?rest_route=\/wp\/v2\/posts\/32602","targetHints":{"allow":["GET"]}}],"collection":[{"href":"https:\/\/solidaridadnews.com\/index.php?rest_route=\/wp\/v2\/posts"}],"about":[{"href":"https:\/\/solidaridadnews.com\/index.php?rest_route=\/wp\/v2\/types\/post"}],"author":[{"embeddable":true,"href":"https:\/\/solidaridadnews.com\/index.php?rest_route=\/wp\/v2\/users\/1"}],"replies":[{"embeddable":true,"href":"https:\/\/solidaridadnews.com\/index.php?rest_route=%2Fwp%2Fv2%2Fcomments&post=32602"}],"version-history":[{"count":1,"href":"https:\/\/solidaridadnews.com\/index.php?rest_route=\/wp\/v2\/posts\/32602\/revisions"}],"predecessor-version":[{"id":32603,"href":"https:\/\/solidaridadnews.com\/index.php?rest_route=\/wp\/v2\/posts\/32602\/revisions\/32603"}],"wp:featuredmedia":[{"embeddable":true,"href":"https:\/\/solidaridadnews.com\/index.php?rest_route=\/wp\/v2\/media\/32604"}],"wp:attachment":[{"href":"https:\/\/solidaridadnews.com\/index.php?rest_route=%2Fwp%2Fv2%2Fmedia&parent=32602"}],"wp:term":[{"taxonomy":"category","embeddable":true,"href":"https:\/\/solidaridadnews.com\/index.php?rest_route=%2Fwp%2Fv2%2Fcategories&post=32602"},{"taxonomy":"post_tag","embeddable":true,"href":"https:\/\/solidaridadnews.com\/index.php?rest_route=%2Fwp%2Fv2%2Ftags&post=32602"}],"curies":[{"name":"wp","href":"https:\/\/api.w.org\/{rel}","templated":true}]}}