{"id":32599,"date":"2024-04-03T13:50:13","date_gmt":"2024-04-03T18:50:13","guid":{"rendered":"https:\/\/solidaridadnews.com\/?p=32599"},"modified":"2024-04-03T18:50:14","modified_gmt":"2024-04-03T18:50:14","slug":"zacatecas-con-repunte-de-70-en-ocupacion-hotelera","status":"publish","type":"post","link":"https:\/\/solidaridadnews.com\/?p=32599","title":{"rendered":"Zacatecas, con repunte de 70% en ocupaci\u00f3n hotelera"},"content":{"rendered":"<p>La ocupaci\u00f3n hotelera en la entidad registr\u00f3 70% durante la primera semana del Festival Cultural por la Paz en Zacatecas 2024, que ofreci\u00f3 atractivos art\u00edsticos para todo tipo de p\u00fablico, los cuales contin\u00faan durante la Semana de Pascua, seg\u00fan el gobierno local.<\/p>\n<p>Las principales calles del Centro Hist\u00f3rico se abarrotaron de turistas y zacatecanos, que disfrutaron de las actividades realizadas en los diversos escenarios de la magna fiesta cultural de la entidad.<\/p>\n<p>Asimismo, los visitantes tuvieron oportunidad de disfrutar de los festivales del Pulque y la Melcocha, as\u00ed como el del Vino y el Mezcal. En el Centro Cultural Ciudadela del Arte se realiz\u00f3 Zac58, la casa del aut\u00e9ntico saz\u00f3n zacatecano, donde los asistentes deleitaron su paladar con sabores tradicionales de diversos municipios.<\/p>\n<p>\u201cLa tradicional Procesi\u00f3n del Silencio cautiv\u00f3 a los asistentes. Las calles se llenaron de familias enteras que buscaban sumergirse en la riqueza cultural que ofrece Zacatecas. Durante el d\u00eda disfrutaron los diversos atractivos tur\u00edsticos, como el Telef\u00e9rico, la Mina El Ed\u00e9n, la C\u00e1mara Oscura, los Turib\u00fas, entre otros\u201d .<\/p>\n<p>Adem\u00e1s, se llevaron a cabo importantes actividades en el Pueblo M\u00e1gico de Jerez, donde la Feria de la Primavera capt\u00f3 la atenci\u00f3n de zacatecanos y visitantes.<\/p>\n<p>Durante la presente temporada vacacional, los siete Pueblos M\u00e1gicos realizan diversas actividades culturales y religiosas que los colocan como parte de los atractivos para el turismo.<\/p>\n","protected":false},"excerpt":{"rendered":"<p>La ocupaci\u00f3n hotelera en la entidad registr\u00f3 70% durante la primera semana del Festival Cultural por la Paz en Zacatecas 2024, que ofreci\u00f3 atractivos art\u00edsticos para todo tipo de p\u00fablico, los cuales contin\u00faan durante la Semana de Pascua, seg\u00fan el gobierno local. Las principales calles del Centro Hist\u00f3rico se abarrotaron de turistas y zacatecanos, que [&hellip;]<\/p>\n","protected":false},"author":1,"featured_media":32601,"comment_status":"open","ping_status":"closed","sticky":false,"template":"","format":"standard","meta":{"footnotes":""},"categories":[2],"tags":[],"class_list":["post-32599","post","type-post","status-publish","format-standard","has-post-thumbnail","hentry","category-nacional"],"_links":{"self":[{"href":"https:\/\/solidaridadnews.com\/index.php?rest_route=\/wp\/v2\/posts\/32599","targetHints":{"allow":["GET"]}}],"collection":[{"href":"https:\/\/solidaridadnews.com\/index.php?rest_route=\/wp\/v2\/posts"}],"about":[{"href":"https:\/\/solidaridadnews.com\/index.php?rest_route=\/wp\/v2\/types\/post"}],"author":[{"embeddable":true,"href":"https:\/\/solidaridadnews.com\/index.php?rest_route=\/wp\/v2\/users\/1"}],"replies":[{"embeddable":true,"href":"https:\/\/solidaridadnews.com\/index.php?rest_route=%2Fwp%2Fv2%2Fcomments&post=32599"}],"version-history":[{"count":1,"href":"https:\/\/solidaridadnews.com\/index.php?rest_route=\/wp\/v2\/posts\/32599\/revisions"}],"predecessor-version":[{"id":32600,"href":"https:\/\/solidaridadnews.com\/index.php?rest_route=\/wp\/v2\/posts\/32599\/revisions\/32600"}],"wp:featuredmedia":[{"embeddable":true,"href":"https:\/\/solidaridadnews.com\/index.php?rest_route=\/wp\/v2\/media\/32601"}],"wp:attachment":[{"href":"https:\/\/solidaridadnews.com\/index.php?rest_route=%2Fwp%2Fv2%2Fmedia&parent=32599"}],"wp:term":[{"taxonomy":"category","embeddable":true,"href":"https:\/\/solidaridadnews.com\/index.php?rest_route=%2Fwp%2Fv2%2Fcategories&post=32599"},{"taxonomy":"post_tag","embeddable":true,"href":"https:\/\/solidaridadnews.com\/index.php?rest_route=%2Fwp%2Fv2%2Ftags&post=32599"}],"curies":[{"name":"wp","href":"https:\/\/api.w.org\/{rel}","templated":true}]}}